{"id":9866,"date":"2020-02-28T14:01:08","date_gmt":"2020-02-28T14:01:08","guid":{"rendered":"http:\/\/www.proffis.rs\/?p=9866"},"modified":"2024-11-19T16:33:32","modified_gmt":"2024-11-19T16:33:32","slug":"fetije","status":"publish","type":"post","link":"https:\/\/www.proffis.rs\/hu\/fetije\/","title":{"rendered":"Fetije"},"content":{"rendered":"<p>[et_pb_section fb_built=&#8220;1&#8243; _builder_version=&#8220;4.16&#8243; global_colors_info=&#8220;{}&#8220;][et_pb_row _builder_version=&#8220;4.16&#8243; global_colors_info=&#8220;{}&#8220;][et_pb_column type=&#8220;4_4&#8243; _builder_version=&#8220;4.16&#8243; global_colors_info=&#8220;{}&#8220;][et_pb_text _builder_version=&#8220;4.16&#8243; global_colors_info=&#8220;{}&#8220;]<\/p>\n<h4 style=\"text-align: center;\"><strong><span style=\"color: #24247c;\">FETIJE<\/span><\/strong><\/h4>\n<p>Fetije je poznata pokrajina grada Mugla. Sme\u0161ten je na mediteranskoj obali Turske, udaljen 50 km od aerodroma Dalaman. Fetije se nalazi na starom drevnom gradu &#8222;Telmessos&#8220; u kojem se mogu videti ru\u0161evine i pozori\u0161te u gradu. Grad je popularno po turisti\u010dkoj ponudi i neverovatnoj prirodi. Populacija Fetijea je oko 115 000 stanovnika. Topla mediteranska klima Fetijea se malo razlikuje od egejske zbog vec\u0301ih su\u0161nih meseci i vi\u0161ih zimskih temperatura. Juli i avgust mogu biti sa pljuskovima i sa temperaturama od 40 stepeni, dok je od januara do marta najvec\u0301a koli\u010dina padavina. Glavna turisti\u010dka sezona traje od maja do oktobra, a za to vreme otvoreni su svi kafic\u0301i, restorani, hoteli i turisti\u010dke agencije. Pla\u017ee su prelepe, a kafi\u0107i su postavili svoje parcele kako bi turisti unajmili le\u017ealjke, suncobrane i sportove na vodi, \u0161to je ovih meseci savr\u0161eno za ljubitelje pla\u017ee. Ako volite istra\u017eivati turisti\u010dke atrakcije ili planinariti, posetite tokom aprila, maja, oktobra i novembra jer su ovi meseci sve\u017eiji.<\/p>\n<p>[\/et_pb_text][et_pb_image _builder_version=&#8220;4.23.1&#8243; _module_preset=&#8220;default&#8220; title_text=&#8220;turkey-1146558_1280&#8243; src=&#8220;https:\/\/media.proffis.rs\/2020\/02\/turkey-1146558_1280.jpg&#8220; hover_enabled=&#8220;0&#8243; sticky_enabled=&#8220;0&#8243;][\/et_pb_image][\/et_pb_column][\/et_pb_row][\/et_pb_section]<\/p>\n","protected":false},"excerpt":{"rendered":"<p>FETIJE Fetije je poznata pokrajina grada Mugla. Sme\u0161ten je na mediteranskoj obali Turske, udaljen 50 km od aerodroma Dalaman. Fetije se nalazi na starom drevnom gradu &#8222;Telmessos&#8220; u kojem se mogu videti ru\u0161evine i pozori\u0161te u gradu. Grad je popularno po turisti\u010dkoj ponudi i neverovatnoj prirodi. Populacija Fetijea je oko 115 000 stanovnika. Topla mediteranska [&hellip;]<\/p>\n","protected":false},"author":2,"featured_media":342521,"comment_status":"closed","ping_status":"open","sticky":false,"template":"","format":"standard","meta":{"_et_pb_use_builder":"on","_et_pb_old_content":"","_et_gb_content_width":"","footnotes":""},"categories":[46],"tags":[],"class_list":["post-9866","post","type-post","status-publish","format-standard","has-post-thumbnail","hentry","category-turska-leto"],"yoast_head":"<!-- This site is optimized with the Yoast SEO plugin v27.3 - https:\/\/yoast.com\/product\/yoast-seo-wordpress\/ -->\n<title>Turska letovanje | Fetije letovali\u0161te | Proffis Subotica<\/title>\n<meta name=\"description\" content=\"Fetije je sme\u0161ten na mediteranskoj obali Turske, nekada zna\u010dajna trgova\u010dka luka, danas je sve presti\u017enije letovali\u0161te koje osvaja lepotom netaknute prirode.\" \/>\n<meta name=\"robots\" content=\"index, follow, max-snippet:-1, max-image-preview:large, max-video-preview:-1\" \/>\n<link rel=\"canonical\" href=\"https:\/\/www.proffis.rs\/hu\/fetije\/\" \/>\n<meta property=\"og:locale\" content=\"hu_HU\" \/>\n<meta property=\"og:type\" content=\"article\" \/>\n<meta property=\"og:title\" content=\"Turska letovanje | Fetije letovali\u0161te | Proffis Subotica\" \/>\n<meta property=\"og:description\" content=\"Fetije je sme\u0161ten na mediteranskoj obali Turske, nekada zna\u010dajna trgova\u010dka luka, danas je sve presti\u017enije letovali\u0161te koje osvaja lepotom netaknute prirode.\" \/>\n<meta property=\"og:url\" content=\"https:\/\/www.proffis.rs\/hu\/fetije\/\" \/>\n<meta property=\"og:site_name\" content=\"30 GODINA VA\u0160EG POVERENJA\" \/>\n<meta property=\"article:publisher\" content=\"https:\/\/www.facebook.com\/PROFFISSUBOTICA\" \/>\n<meta property=\"article:published_time\" content=\"2020-02-28T14:01:08+00:00\" \/>\n<meta property=\"article:modified_time\" content=\"2024-11-19T16:33:32+00:00\" \/>\n<meta property=\"og:image\" content=\"https:\/\/media.proffis.rs\/2020\/02\/turkey-1146558_1280.jpg\" \/>\n\t<meta property=\"og:image:width\" content=\"1280\" \/>\n\t<meta property=\"og:image:height\" content=\"848\" \/>\n\t<meta property=\"og:image:type\" content=\"image\/jpeg\" \/>\n<meta name=\"author\" content=\"Proffis\" \/>\n<meta name=\"twitter:card\" content=\"summary_large_image\" \/>\n<meta name=\"twitter:label1\" content=\"Szerz\u0151:\" \/>\n\t<meta name=\"twitter:data1\" content=\"Proffis\" \/>\n\t<meta name=\"twitter:label2\" content=\"Becs\u00fclt olvas\u00e1si id\u0151\" \/>\n\t<meta name=\"twitter:data2\" content=\"1 perc\" \/>\n<script type=\"application\/ld+json\" class=\"yoast-schema-graph\">{\"@context\":\"https:\\\/\\\/schema.org\",\"@graph\":[{\"@type\":\"Article\",\"@id\":\"https:\\\/\\\/www.proffis.rs\\\/fetije\\\/#article\",\"isPartOf\":{\"@id\":\"https:\\\/\\\/www.proffis.rs\\\/fetije\\\/\"},\"author\":{\"name\":\"Proffis\",\"@id\":\"https:\\\/\\\/www.proffis.rs\\\/#\\\/schema\\\/person\\\/fe57c4522d3b4818d642b3ed8102078e\"},\"headline\":\"Fetije\",\"datePublished\":\"2020-02-28T14:01:08+00:00\",\"dateModified\":\"2024-11-19T16:33:32+00:00\",\"mainEntityOfPage\":{\"@id\":\"https:\\\/\\\/www.proffis.rs\\\/fetije\\\/\"},\"wordCount\":248,\"publisher\":{\"@id\":\"https:\\\/\\\/www.proffis.rs\\\/#organization\"},\"image\":{\"@id\":\"https:\\\/\\\/www.proffis.rs\\\/fetije\\\/#primaryimage\"},\"thumbnailUrl\":\"https:\\\/\\\/media.proffis.rs\\\/2020\\\/02\\\/turkey-1146558_1280.jpg\",\"articleSection\":[\"Turska leto\"],\"inLanguage\":\"hu\"},{\"@type\":\"WebPage\",\"@id\":\"https:\\\/\\\/www.proffis.rs\\\/fetije\\\/\",\"url\":\"https:\\\/\\\/www.proffis.rs\\\/fetije\\\/\",\"name\":\"Turska letovanje | Fetije letovali\u0161te | Proffis Subotica\",\"isPartOf\":{\"@id\":\"https:\\\/\\\/www.proffis.rs\\\/#website\"},\"primaryImageOfPage\":{\"@id\":\"https:\\\/\\\/www.proffis.rs\\\/fetije\\\/#primaryimage\"},\"image\":{\"@id\":\"https:\\\/\\\/www.proffis.rs\\\/fetije\\\/#primaryimage\"},\"thumbnailUrl\":\"https:\\\/\\\/media.proffis.rs\\\/2020\\\/02\\\/turkey-1146558_1280.jpg\",\"datePublished\":\"2020-02-28T14:01:08+00:00\",\"dateModified\":\"2024-11-19T16:33:32+00:00\",\"description\":\"Fetije je sme\u0161ten na mediteranskoj obali Turske, nekada zna\u010dajna trgova\u010dka luka, danas je sve presti\u017enije letovali\u0161te koje osvaja lepotom netaknute prirode.\",\"breadcrumb\":{\"@id\":\"https:\\\/\\\/www.proffis.rs\\\/fetije\\\/#breadcrumb\"},\"inLanguage\":\"hu\",\"potentialAction\":[{\"@type\":\"ReadAction\",\"target\":[\"https:\\\/\\\/www.proffis.rs\\\/fetije\\\/\"]}]},{\"@type\":\"ImageObject\",\"inLanguage\":\"hu\",\"@id\":\"https:\\\/\\\/www.proffis.rs\\\/fetije\\\/#primaryimage\",\"url\":\"https:\\\/\\\/media.proffis.rs\\\/2020\\\/02\\\/turkey-1146558_1280.jpg\",\"contentUrl\":\"https:\\\/\\\/media.proffis.rs\\\/2020\\\/02\\\/turkey-1146558_1280.jpg\",\"width\":1280,\"height\":848},{\"@type\":\"BreadcrumbList\",\"@id\":\"https:\\\/\\\/www.proffis.rs\\\/fetije\\\/#breadcrumb\",\"itemListElement\":[{\"@type\":\"ListItem\",\"position\":1,\"name\":\"Home\",\"item\":\"https:\\\/\\\/www.proffis.rs\\\/\"},{\"@type\":\"ListItem\",\"position\":2,\"name\":\"Fetije\"}]},{\"@type\":\"WebSite\",\"@id\":\"https:\\\/\\\/www.proffis.rs\\\/#website\",\"url\":\"https:\\\/\\\/www.proffis.rs\\\/\",\"name\":\"Proffis\",\"description\":\"Proffis Turisti\u010dka agencija Subotica\",\"publisher\":{\"@id\":\"https:\\\/\\\/www.proffis.rs\\\/#organization\"},\"alternateName\":\"Turisti\u010dka agencija Proffis SUBOTICA\",\"potentialAction\":[{\"@type\":\"SearchAction\",\"target\":{\"@type\":\"EntryPoint\",\"urlTemplate\":\"https:\\\/\\\/www.proffis.rs\\\/?s={search_term_string}\"},\"query-input\":{\"@type\":\"PropertyValueSpecification\",\"valueRequired\":true,\"valueName\":\"search_term_string\"}}],\"inLanguage\":\"hu\"},{\"@type\":\"Organization\",\"@id\":\"https:\\\/\\\/www.proffis.rs\\\/#organization\",\"name\":\"Proffis\",\"url\":\"https:\\\/\\\/www.proffis.rs\\\/\",\"logo\":{\"@type\":\"ImageObject\",\"inLanguage\":\"hu\",\"@id\":\"https:\\\/\\\/www.proffis.rs\\\/#\\\/schema\\\/logo\\\/image\\\/\",\"url\":\"https:\\\/\\\/media.proffis.rs\\\/2023\\\/12\\\/proffis2-removebg.png\",\"contentUrl\":\"https:\\\/\\\/media.proffis.rs\\\/2023\\\/12\\\/proffis2-removebg.png\",\"width\":806,\"height\":310,\"caption\":\"Proffis\"},\"image\":{\"@id\":\"https:\\\/\\\/www.proffis.rs\\\/#\\\/schema\\\/logo\\\/image\\\/\"},\"sameAs\":[\"https:\\\/\\\/www.facebook.com\\\/PROFFISSUBOTICA\"]},{\"@type\":\"Person\",\"@id\":\"https:\\\/\\\/www.proffis.rs\\\/#\\\/schema\\\/person\\\/fe57c4522d3b4818d642b3ed8102078e\",\"name\":\"Proffis\",\"image\":{\"@type\":\"ImageObject\",\"inLanguage\":\"hu\",\"@id\":\"https:\\\/\\\/secure.gravatar.com\\\/avatar\\\/d419edbf9f77b6fee9a6205d5570c707c9bcaec37e05e97ccec9d81b646420cf?s=96&d=mm&r=g\",\"url\":\"https:\\\/\\\/secure.gravatar.com\\\/avatar\\\/d419edbf9f77b6fee9a6205d5570c707c9bcaec37e05e97ccec9d81b646420cf?s=96&d=mm&r=g\",\"contentUrl\":\"https:\\\/\\\/secure.gravatar.com\\\/avatar\\\/d419edbf9f77b6fee9a6205d5570c707c9bcaec37e05e97ccec9d81b646420cf?s=96&d=mm&r=g\",\"caption\":\"Proffis\"},\"url\":\"https:\\\/\\\/www.proffis.rs\\\/hu\\\/author\\\/ceda\\\/\"}]}<\/script>\n<!-- \/ Yoast SEO plugin. -->","yoast_head_json":{"title":"Turska letovanje | Fetije letovali\u0161te | Proffis Subotica","description":"Fetije je sme\u0161ten na mediteranskoj obali Turske, nekada zna\u010dajna trgova\u010dka luka, danas je sve presti\u017enije letovali\u0161te koje osvaja lepotom netaknute prirode.","robots":{"index":"index","follow":"follow","max-snippet":"max-snippet:-1","max-image-preview":"max-image-preview:large","max-video-preview":"max-video-preview:-1"},"canonical":"https:\/\/www.proffis.rs\/hu\/fetije\/","og_locale":"hu_HU","og_type":"article","og_title":"Turska letovanje | Fetije letovali\u0161te | Proffis Subotica","og_description":"Fetije je sme\u0161ten na mediteranskoj obali Turske, nekada zna\u010dajna trgova\u010dka luka, danas je sve presti\u017enije letovali\u0161te koje osvaja lepotom netaknute prirode.","og_url":"https:\/\/www.proffis.rs\/hu\/fetije\/","og_site_name":"30 GODINA VA\u0160EG POVERENJA","article_publisher":"https:\/\/www.facebook.com\/PROFFISSUBOTICA","article_published_time":"2020-02-28T14:01:08+00:00","article_modified_time":"2024-11-19T16:33:32+00:00","og_image":[{"width":1280,"height":848,"url":"https:\/\/media.proffis.rs\/2020\/02\/turkey-1146558_1280.jpg","type":"image\/jpeg"}],"author":"Proffis","twitter_card":"summary_large_image","twitter_misc":{"Szerz\u0151:":"Proffis","Becs\u00fclt olvas\u00e1si id\u0151":"1 perc"},"schema":{"@context":"https:\/\/schema.org","@graph":[{"@type":"Article","@id":"https:\/\/www.proffis.rs\/fetije\/#article","isPartOf":{"@id":"https:\/\/www.proffis.rs\/fetije\/"},"author":{"name":"Proffis","@id":"https:\/\/www.proffis.rs\/#\/schema\/person\/fe57c4522d3b4818d642b3ed8102078e"},"headline":"Fetije","datePublished":"2020-02-28T14:01:08+00:00","dateModified":"2024-11-19T16:33:32+00:00","mainEntityOfPage":{"@id":"https:\/\/www.proffis.rs\/fetije\/"},"wordCount":248,"publisher":{"@id":"https:\/\/www.proffis.rs\/#organization"},"image":{"@id":"https:\/\/www.proffis.rs\/fetije\/#primaryimage"},"thumbnailUrl":"https:\/\/media.proffis.rs\/2020\/02\/turkey-1146558_1280.jpg","articleSection":["Turska leto"],"inLanguage":"hu"},{"@type":"WebPage","@id":"https:\/\/www.proffis.rs\/fetije\/","url":"https:\/\/www.proffis.rs\/fetije\/","name":"Turska letovanje | Fetije letovali\u0161te | Proffis Subotica","isPartOf":{"@id":"https:\/\/www.proffis.rs\/#website"},"primaryImageOfPage":{"@id":"https:\/\/www.proffis.rs\/fetije\/#primaryimage"},"image":{"@id":"https:\/\/www.proffis.rs\/fetije\/#primaryimage"},"thumbnailUrl":"https:\/\/media.proffis.rs\/2020\/02\/turkey-1146558_1280.jpg","datePublished":"2020-02-28T14:01:08+00:00","dateModified":"2024-11-19T16:33:32+00:00","description":"Fetije je sme\u0161ten na mediteranskoj obali Turske, nekada zna\u010dajna trgova\u010dka luka, danas je sve presti\u017enije letovali\u0161te koje osvaja lepotom netaknute prirode.","breadcrumb":{"@id":"https:\/\/www.proffis.rs\/fetije\/#breadcrumb"},"inLanguage":"hu","potentialAction":[{"@type":"ReadAction","target":["https:\/\/www.proffis.rs\/fetije\/"]}]},{"@type":"ImageObject","inLanguage":"hu","@id":"https:\/\/www.proffis.rs\/fetije\/#primaryimage","url":"https:\/\/media.proffis.rs\/2020\/02\/turkey-1146558_1280.jpg","contentUrl":"https:\/\/media.proffis.rs\/2020\/02\/turkey-1146558_1280.jpg","width":1280,"height":848},{"@type":"BreadcrumbList","@id":"https:\/\/www.proffis.rs\/fetije\/#breadcrumb","itemListElement":[{"@type":"ListItem","position":1,"name":"Home","item":"https:\/\/www.proffis.rs\/"},{"@type":"ListItem","position":2,"name":"Fetije"}]},{"@type":"WebSite","@id":"https:\/\/www.proffis.rs\/#website","url":"https:\/\/www.proffis.rs\/","name":"Proffis","description":"Proffis Turisti\u010dka agencija Subotica","publisher":{"@id":"https:\/\/www.proffis.rs\/#organization"},"alternateName":"Turisti\u010dka agencija Proffis SUBOTICA","potentialAction":[{"@type":"SearchAction","target":{"@type":"EntryPoint","urlTemplate":"https:\/\/www.proffis.rs\/?s={search_term_string}"},"query-input":{"@type":"PropertyValueSpecification","valueRequired":true,"valueName":"search_term_string"}}],"inLanguage":"hu"},{"@type":"Organization","@id":"https:\/\/www.proffis.rs\/#organization","name":"Proffis","url":"https:\/\/www.proffis.rs\/","logo":{"@type":"ImageObject","inLanguage":"hu","@id":"https:\/\/www.proffis.rs\/#\/schema\/logo\/image\/","url":"https:\/\/media.proffis.rs\/2023\/12\/proffis2-removebg.png","contentUrl":"https:\/\/media.proffis.rs\/2023\/12\/proffis2-removebg.png","width":806,"height":310,"caption":"Proffis"},"image":{"@id":"https:\/\/www.proffis.rs\/#\/schema\/logo\/image\/"},"sameAs":["https:\/\/www.facebook.com\/PROFFISSUBOTICA"]},{"@type":"Person","@id":"https:\/\/www.proffis.rs\/#\/schema\/person\/fe57c4522d3b4818d642b3ed8102078e","name":"Proffis","image":{"@type":"ImageObject","inLanguage":"hu","@id":"https:\/\/secure.gravatar.com\/avatar\/d419edbf9f77b6fee9a6205d5570c707c9bcaec37e05e97ccec9d81b646420cf?s=96&d=mm&r=g","url":"https:\/\/secure.gravatar.com\/avatar\/d419edbf9f77b6fee9a6205d5570c707c9bcaec37e05e97ccec9d81b646420cf?s=96&d=mm&r=g","contentUrl":"https:\/\/secure.gravatar.com\/avatar\/d419edbf9f77b6fee9a6205d5570c707c9bcaec37e05e97ccec9d81b646420cf?s=96&d=mm&r=g","caption":"Proffis"},"url":"https:\/\/www.proffis.rs\/hu\/author\/ceda\/"}]}},"_links":{"self":[{"href":"https:\/\/www.proffis.rs\/hu\/wp-json\/wp\/v2\/posts\/9866","targetHints":{"allow":["GET"]}}],"collection":[{"href":"https:\/\/www.proffis.rs\/hu\/wp-json\/wp\/v2\/posts"}],"about":[{"href":"https:\/\/www.proffis.rs\/hu\/wp-json\/wp\/v2\/types\/post"}],"author":[{"embeddable":true,"href":"https:\/\/www.proffis.rs\/hu\/wp-json\/wp\/v2\/users\/2"}],"replies":[{"embeddable":true,"href":"https:\/\/www.proffis.rs\/hu\/wp-json\/wp\/v2\/comments?post=9866"}],"version-history":[{"count":8,"href":"https:\/\/www.proffis.rs\/hu\/wp-json\/wp\/v2\/posts\/9866\/revisions"}],"predecessor-version":[{"id":342523,"href":"https:\/\/www.proffis.rs\/hu\/wp-json\/wp\/v2\/posts\/9866\/revisions\/342523"}],"wp:featuredmedia":[{"embeddable":true,"href":"https:\/\/www.proffis.rs\/hu\/wp-json\/wp\/v2\/media\/342521"}],"wp:attachment":[{"href":"https:\/\/www.proffis.rs\/hu\/wp-json\/wp\/v2\/media?parent=9866"}],"wp:term":[{"taxonomy":"category","embeddable":true,"href":"https:\/\/www.proffis.rs\/hu\/wp-json\/wp\/v2\/categories?post=9866"},{"taxonomy":"post_tag","embeddable":true,"href":"https:\/\/www.proffis.rs\/hu\/wp-json\/wp\/v2\/tags?post=9866"}],"curies":[{"name":"wp","href":"https:\/\/api.w.org\/{rel}","templated":true}]}}