{"id":8793,"date":"2020-02-28T12:18:36","date_gmt":"2020-02-28T12:18:36","guid":{"rendered":"http:\/\/www.proffis.rs\/?p=8793"},"modified":"2025-01-13T14:01:49","modified_gmt":"2025-01-13T14:01:49","slug":"kemer","status":"publish","type":"post","link":"https:\/\/www.proffis.rs\/hu\/kemer\/","title":{"rendered":"Kemer"},"content":{"rendered":"<p>[et_pb_section fb_built=&#8220;1&#8243; _builder_version=&#8220;4.16&#8243; global_colors_info=&#8220;{}&#8220;][et_pb_row _builder_version=&#8220;4.16&#8243; global_colors_info=&#8220;{}&#8220;][et_pb_column type=&#8220;4_4&#8243; _builder_version=&#8220;4.16&#8243; global_colors_info=&#8220;{}&#8220;][et_pb_text _builder_version=&#8220;4.16&#8243; global_colors_info=&#8220;{}&#8220;]<\/p>\n<h4 style=\"text-align: center;\"><span style=\"color: #24247c;\"><strong>KEMER<\/strong><\/span><\/h4>\n<p>Mali grad Kemer nalazi se izme\u0111u Sredozemnog mora i planine Taurus. Ovo \u0161armantno primorsko letovali\u0161te udaljeno je samo 43 km od Antalije i oko 65 km od me\u0111unarodnog aerodroma u Antaliji. Koy ranije Eski (stari grad), po reputaciji Kemer (zna\u010di voda) 191O. me\u0161tani su izgradili akvadukt du\u017eine 23 km u podno\u017eju planine Taurus da bi za\u0161titili grad od poplava. Ovo drevno mesto je od 1980. godine postalo jedno od najva\u017enijih turisti\u010dkih sredi\u0161ta Turske sa turisti\u010dkim regionom Antalije. Kemer ima spektakularni pejza\u017e: \u0161iroke pla\u017ee pored borove \u0161ume u podno\u017eju planinskog lanca Taurus. Ovo mesto spaja turizam sa ovim prelepim pejza\u017eem i nudi sve prednosti modernog morskog letovali\u0161ta. Turistima je na raspolaganju potpuno opremljena marina sa 300 jahti i sadr\u017eajima za sve vrste aktivnosti.<\/p>\n<p>[\/et_pb_text][et_pb_image src=&#8220;https:\/\/media.proffis.rs\/2020\/02\/kemer-4798089_1280.jpg&#8220; title_text=&#8220;kemer-4798089_1280&#8243; _builder_version=&#8220;4.23.1&#8243; _module_preset=&#8220;default&#8220; hover_enabled=&#8220;0&#8243; global_colors_info=&#8220;{}&#8220; sticky_enabled=&#8220;0&#8243;][\/et_pb_image][\/et_pb_column][\/et_pb_row][\/et_pb_section]<\/p>\n","protected":false},"excerpt":{"rendered":"<p>KEMER Mali grad Kemer nalazi se izme\u0111u Sredozemnog mora i planine Taurus. Ovo \u0161armantno primorsko letovali\u0161te udaljeno je samo 43 km od Antalije i oko 65 km od me\u0111unarodnog aerodroma u Antaliji. Koy ranije Eski (stari grad), po reputaciji Kemer (zna\u010di voda) 191O. me\u0161tani su izgradili akvadukt du\u017eine 23 km u podno\u017eju planine Taurus da [&hellip;]<\/p>\n","protected":false},"author":2,"featured_media":343871,"comment_status":"closed","ping_status":"open","sticky":false,"template":"","format":"standard","meta":{"_et_pb_use_builder":"on","_et_pb_old_content":"","_et_gb_content_width":"","footnotes":""},"categories":[46],"tags":[],"class_list":["post-8793","post","type-post","status-publish","format-standard","has-post-thumbnail","hentry","category-turska-leto"],"yoast_head":"<!-- This site is optimized with the Yoast SEO plugin v27.3 - https:\/\/yoast.com\/product\/yoast-seo-wordpress\/ -->\n<title>Turska letovanje | Kemer Antalijska regija | Leto 2020<\/title>\n<meta name=\"description\" content=\"Cela obala Kemera poseduje Plavu zastavicu i duga je oko 52km gde se konstantno smenjuju nijanse zelenih \u010detinara i plavetnilo mora.\" \/>\n<meta name=\"robots\" content=\"index, follow, max-snippet:-1, max-image-preview:large, max-video-preview:-1\" \/>\n<link rel=\"canonical\" href=\"https:\/\/www.proffis.rs\/hu\/kemer\/\" \/>\n<meta property=\"og:locale\" content=\"hu_HU\" \/>\n<meta property=\"og:type\" content=\"article\" \/>\n<meta property=\"og:title\" content=\"Turska letovanje | Kemer Antalijska regija | Leto 2020\" \/>\n<meta property=\"og:description\" content=\"Cela obala Kemera poseduje Plavu zastavicu i duga je oko 52km gde se konstantno smenjuju nijanse zelenih \u010detinara i plavetnilo mora.\" \/>\n<meta property=\"og:url\" content=\"https:\/\/www.proffis.rs\/hu\/kemer\/\" \/>\n<meta property=\"og:site_name\" content=\"30 GODINA VA\u0160EG POVERENJA\" \/>\n<meta property=\"article:publisher\" content=\"https:\/\/www.facebook.com\/PROFFISSUBOTICA\" \/>\n<meta property=\"article:published_time\" content=\"2020-02-28T12:18:36+00:00\" \/>\n<meta property=\"article:modified_time\" content=\"2025-01-13T14:01:49+00:00\" \/>\n<meta property=\"og:image\" content=\"https:\/\/media.proffis.rs\/2020\/02\/kemer-4798089_1280.jpg\" \/>\n\t<meta property=\"og:image:width\" content=\"1280\" \/>\n\t<meta property=\"og:image:height\" content=\"853\" \/>\n\t<meta property=\"og:image:type\" content=\"image\/jpeg\" \/>\n<meta name=\"author\" content=\"Proffis\" \/>\n<meta name=\"twitter:card\" content=\"summary_large_image\" \/>\n<meta name=\"twitter:label1\" content=\"Szerz\u0151:\" \/>\n\t<meta name=\"twitter:data1\" content=\"Proffis\" \/>\n\t<meta name=\"twitter:label2\" content=\"Becs\u00fclt olvas\u00e1si id\u0151\" \/>\n\t<meta name=\"twitter:data2\" content=\"1 perc\" \/>\n<script type=\"application\/ld+json\" class=\"yoast-schema-graph\">{\"@context\":\"https:\\\/\\\/schema.org\",\"@graph\":[{\"@type\":\"Article\",\"@id\":\"https:\\\/\\\/www.proffis.rs\\\/kemer\\\/#article\",\"isPartOf\":{\"@id\":\"https:\\\/\\\/www.proffis.rs\\\/kemer\\\/\"},\"author\":{\"name\":\"Proffis\",\"@id\":\"https:\\\/\\\/www.proffis.rs\\\/#\\\/schema\\\/person\\\/fe57c4522d3b4818d642b3ed8102078e\"},\"headline\":\"Kemer\",\"datePublished\":\"2020-02-28T12:18:36+00:00\",\"dateModified\":\"2025-01-13T14:01:49+00:00\",\"mainEntityOfPage\":{\"@id\":\"https:\\\/\\\/www.proffis.rs\\\/kemer\\\/\"},\"wordCount\":211,\"publisher\":{\"@id\":\"https:\\\/\\\/www.proffis.rs\\\/#organization\"},\"image\":{\"@id\":\"https:\\\/\\\/www.proffis.rs\\\/kemer\\\/#primaryimage\"},\"thumbnailUrl\":\"https:\\\/\\\/media.proffis.rs\\\/2020\\\/02\\\/kemer-4798089_1280.jpg\",\"articleSection\":[\"Turska leto\"],\"inLanguage\":\"hu\"},{\"@type\":\"WebPage\",\"@id\":\"https:\\\/\\\/www.proffis.rs\\\/kemer\\\/\",\"url\":\"https:\\\/\\\/www.proffis.rs\\\/kemer\\\/\",\"name\":\"Turska letovanje | Kemer Antalijska regija | Leto 2020\",\"isPartOf\":{\"@id\":\"https:\\\/\\\/www.proffis.rs\\\/#website\"},\"primaryImageOfPage\":{\"@id\":\"https:\\\/\\\/www.proffis.rs\\\/kemer\\\/#primaryimage\"},\"image\":{\"@id\":\"https:\\\/\\\/www.proffis.rs\\\/kemer\\\/#primaryimage\"},\"thumbnailUrl\":\"https:\\\/\\\/media.proffis.rs\\\/2020\\\/02\\\/kemer-4798089_1280.jpg\",\"datePublished\":\"2020-02-28T12:18:36+00:00\",\"dateModified\":\"2025-01-13T14:01:49+00:00\",\"description\":\"Cela obala Kemera poseduje Plavu zastavicu i duga je oko 52km gde se konstantno smenjuju nijanse zelenih \u010detinara i plavetnilo mora.\",\"breadcrumb\":{\"@id\":\"https:\\\/\\\/www.proffis.rs\\\/kemer\\\/#breadcrumb\"},\"inLanguage\":\"hu\",\"potentialAction\":[{\"@type\":\"ReadAction\",\"target\":[\"https:\\\/\\\/www.proffis.rs\\\/kemer\\\/\"]}]},{\"@type\":\"ImageObject\",\"inLanguage\":\"hu\",\"@id\":\"https:\\\/\\\/www.proffis.rs\\\/kemer\\\/#primaryimage\",\"url\":\"https:\\\/\\\/media.proffis.rs\\\/2020\\\/02\\\/kemer-4798089_1280.jpg\",\"contentUrl\":\"https:\\\/\\\/media.proffis.rs\\\/2020\\\/02\\\/kemer-4798089_1280.jpg\",\"width\":1280,\"height\":853},{\"@type\":\"BreadcrumbList\",\"@id\":\"https:\\\/\\\/www.proffis.rs\\\/kemer\\\/#breadcrumb\",\"itemListElement\":[{\"@type\":\"ListItem\",\"position\":1,\"name\":\"Home\",\"item\":\"https:\\\/\\\/www.proffis.rs\\\/\"},{\"@type\":\"ListItem\",\"position\":2,\"name\":\"Kemer\"}]},{\"@type\":\"WebSite\",\"@id\":\"https:\\\/\\\/www.proffis.rs\\\/#website\",\"url\":\"https:\\\/\\\/www.proffis.rs\\\/\",\"name\":\"Proffis\",\"description\":\"Proffis Turisti\u010dka agencija Subotica\",\"publisher\":{\"@id\":\"https:\\\/\\\/www.proffis.rs\\\/#organization\"},\"alternateName\":\"Turisti\u010dka agencija Proffis SUBOTICA\",\"potentialAction\":[{\"@type\":\"SearchAction\",\"target\":{\"@type\":\"EntryPoint\",\"urlTemplate\":\"https:\\\/\\\/www.proffis.rs\\\/?s={search_term_string}\"},\"query-input\":{\"@type\":\"PropertyValueSpecification\",\"valueRequired\":true,\"valueName\":\"search_term_string\"}}],\"inLanguage\":\"hu\"},{\"@type\":\"Organization\",\"@id\":\"https:\\\/\\\/www.proffis.rs\\\/#organization\",\"name\":\"Proffis\",\"url\":\"https:\\\/\\\/www.proffis.rs\\\/\",\"logo\":{\"@type\":\"ImageObject\",\"inLanguage\":\"hu\",\"@id\":\"https:\\\/\\\/www.proffis.rs\\\/#\\\/schema\\\/logo\\\/image\\\/\",\"url\":\"https:\\\/\\\/media.proffis.rs\\\/2023\\\/12\\\/proffis2-removebg.png\",\"contentUrl\":\"https:\\\/\\\/media.proffis.rs\\\/2023\\\/12\\\/proffis2-removebg.png\",\"width\":806,\"height\":310,\"caption\":\"Proffis\"},\"image\":{\"@id\":\"https:\\\/\\\/www.proffis.rs\\\/#\\\/schema\\\/logo\\\/image\\\/\"},\"sameAs\":[\"https:\\\/\\\/www.facebook.com\\\/PROFFISSUBOTICA\"]},{\"@type\":\"Person\",\"@id\":\"https:\\\/\\\/www.proffis.rs\\\/#\\\/schema\\\/person\\\/fe57c4522d3b4818d642b3ed8102078e\",\"name\":\"Proffis\",\"image\":{\"@type\":\"ImageObject\",\"inLanguage\":\"hu\",\"@id\":\"https:\\\/\\\/secure.gravatar.com\\\/avatar\\\/d419edbf9f77b6fee9a6205d5570c707c9bcaec37e05e97ccec9d81b646420cf?s=96&d=mm&r=g\",\"url\":\"https:\\\/\\\/secure.gravatar.com\\\/avatar\\\/d419edbf9f77b6fee9a6205d5570c707c9bcaec37e05e97ccec9d81b646420cf?s=96&d=mm&r=g\",\"contentUrl\":\"https:\\\/\\\/secure.gravatar.com\\\/avatar\\\/d419edbf9f77b6fee9a6205d5570c707c9bcaec37e05e97ccec9d81b646420cf?s=96&d=mm&r=g\",\"caption\":\"Proffis\"},\"url\":\"https:\\\/\\\/www.proffis.rs\\\/hu\\\/author\\\/ceda\\\/\"}]}<\/script>\n<!-- \/ Yoast SEO plugin. -->","yoast_head_json":{"title":"Turska letovanje | Kemer Antalijska regija | Leto 2020","description":"Cela obala Kemera poseduje Plavu zastavicu i duga je oko 52km gde se konstantno smenjuju nijanse zelenih \u010detinara i plavetnilo mora.","robots":{"index":"index","follow":"follow","max-snippet":"max-snippet:-1","max-image-preview":"max-image-preview:large","max-video-preview":"max-video-preview:-1"},"canonical":"https:\/\/www.proffis.rs\/hu\/kemer\/","og_locale":"hu_HU","og_type":"article","og_title":"Turska letovanje | Kemer Antalijska regija | Leto 2020","og_description":"Cela obala Kemera poseduje Plavu zastavicu i duga je oko 52km gde se konstantno smenjuju nijanse zelenih \u010detinara i plavetnilo mora.","og_url":"https:\/\/www.proffis.rs\/hu\/kemer\/","og_site_name":"30 GODINA VA\u0160EG POVERENJA","article_publisher":"https:\/\/www.facebook.com\/PROFFISSUBOTICA","article_published_time":"2020-02-28T12:18:36+00:00","article_modified_time":"2025-01-13T14:01:49+00:00","og_image":[{"width":1280,"height":853,"url":"https:\/\/media.proffis.rs\/2020\/02\/kemer-4798089_1280.jpg","type":"image\/jpeg"}],"author":"Proffis","twitter_card":"summary_large_image","twitter_misc":{"Szerz\u0151:":"Proffis","Becs\u00fclt olvas\u00e1si id\u0151":"1 perc"},"schema":{"@context":"https:\/\/schema.org","@graph":[{"@type":"Article","@id":"https:\/\/www.proffis.rs\/kemer\/#article","isPartOf":{"@id":"https:\/\/www.proffis.rs\/kemer\/"},"author":{"name":"Proffis","@id":"https:\/\/www.proffis.rs\/#\/schema\/person\/fe57c4522d3b4818d642b3ed8102078e"},"headline":"Kemer","datePublished":"2020-02-28T12:18:36+00:00","dateModified":"2025-01-13T14:01:49+00:00","mainEntityOfPage":{"@id":"https:\/\/www.proffis.rs\/kemer\/"},"wordCount":211,"publisher":{"@id":"https:\/\/www.proffis.rs\/#organization"},"image":{"@id":"https:\/\/www.proffis.rs\/kemer\/#primaryimage"},"thumbnailUrl":"https:\/\/media.proffis.rs\/2020\/02\/kemer-4798089_1280.jpg","articleSection":["Turska leto"],"inLanguage":"hu"},{"@type":"WebPage","@id":"https:\/\/www.proffis.rs\/kemer\/","url":"https:\/\/www.proffis.rs\/kemer\/","name":"Turska letovanje | Kemer Antalijska regija | Leto 2020","isPartOf":{"@id":"https:\/\/www.proffis.rs\/#website"},"primaryImageOfPage":{"@id":"https:\/\/www.proffis.rs\/kemer\/#primaryimage"},"image":{"@id":"https:\/\/www.proffis.rs\/kemer\/#primaryimage"},"thumbnailUrl":"https:\/\/media.proffis.rs\/2020\/02\/kemer-4798089_1280.jpg","datePublished":"2020-02-28T12:18:36+00:00","dateModified":"2025-01-13T14:01:49+00:00","description":"Cela obala Kemera poseduje Plavu zastavicu i duga je oko 52km gde se konstantno smenjuju nijanse zelenih \u010detinara i plavetnilo mora.","breadcrumb":{"@id":"https:\/\/www.proffis.rs\/kemer\/#breadcrumb"},"inLanguage":"hu","potentialAction":[{"@type":"ReadAction","target":["https:\/\/www.proffis.rs\/kemer\/"]}]},{"@type":"ImageObject","inLanguage":"hu","@id":"https:\/\/www.proffis.rs\/kemer\/#primaryimage","url":"https:\/\/media.proffis.rs\/2020\/02\/kemer-4798089_1280.jpg","contentUrl":"https:\/\/media.proffis.rs\/2020\/02\/kemer-4798089_1280.jpg","width":1280,"height":853},{"@type":"BreadcrumbList","@id":"https:\/\/www.proffis.rs\/kemer\/#breadcrumb","itemListElement":[{"@type":"ListItem","position":1,"name":"Home","item":"https:\/\/www.proffis.rs\/"},{"@type":"ListItem","position":2,"name":"Kemer"}]},{"@type":"WebSite","@id":"https:\/\/www.proffis.rs\/#website","url":"https:\/\/www.proffis.rs\/","name":"Proffis","description":"Proffis Turisti\u010dka agencija Subotica","publisher":{"@id":"https:\/\/www.proffis.rs\/#organization"},"alternateName":"Turisti\u010dka agencija Proffis SUBOTICA","potentialAction":[{"@type":"SearchAction","target":{"@type":"EntryPoint","urlTemplate":"https:\/\/www.proffis.rs\/?s={search_term_string}"},"query-input":{"@type":"PropertyValueSpecification","valueRequired":true,"valueName":"search_term_string"}}],"inLanguage":"hu"},{"@type":"Organization","@id":"https:\/\/www.proffis.rs\/#organization","name":"Proffis","url":"https:\/\/www.proffis.rs\/","logo":{"@type":"ImageObject","inLanguage":"hu","@id":"https:\/\/www.proffis.rs\/#\/schema\/logo\/image\/","url":"https:\/\/media.proffis.rs\/2023\/12\/proffis2-removebg.png","contentUrl":"https:\/\/media.proffis.rs\/2023\/12\/proffis2-removebg.png","width":806,"height":310,"caption":"Proffis"},"image":{"@id":"https:\/\/www.proffis.rs\/#\/schema\/logo\/image\/"},"sameAs":["https:\/\/www.facebook.com\/PROFFISSUBOTICA"]},{"@type":"Person","@id":"https:\/\/www.proffis.rs\/#\/schema\/person\/fe57c4522d3b4818d642b3ed8102078e","name":"Proffis","image":{"@type":"ImageObject","inLanguage":"hu","@id":"https:\/\/secure.gravatar.com\/avatar\/d419edbf9f77b6fee9a6205d5570c707c9bcaec37e05e97ccec9d81b646420cf?s=96&d=mm&r=g","url":"https:\/\/secure.gravatar.com\/avatar\/d419edbf9f77b6fee9a6205d5570c707c9bcaec37e05e97ccec9d81b646420cf?s=96&d=mm&r=g","contentUrl":"https:\/\/secure.gravatar.com\/avatar\/d419edbf9f77b6fee9a6205d5570c707c9bcaec37e05e97ccec9d81b646420cf?s=96&d=mm&r=g","caption":"Proffis"},"url":"https:\/\/www.proffis.rs\/hu\/author\/ceda\/"}]}},"_links":{"self":[{"href":"https:\/\/www.proffis.rs\/hu\/wp-json\/wp\/v2\/posts\/8793","targetHints":{"allow":["GET"]}}],"collection":[{"href":"https:\/\/www.proffis.rs\/hu\/wp-json\/wp\/v2\/posts"}],"about":[{"href":"https:\/\/www.proffis.rs\/hu\/wp-json\/wp\/v2\/types\/post"}],"author":[{"embeddable":true,"href":"https:\/\/www.proffis.rs\/hu\/wp-json\/wp\/v2\/users\/2"}],"replies":[{"embeddable":true,"href":"https:\/\/www.proffis.rs\/hu\/wp-json\/wp\/v2\/comments?post=8793"}],"version-history":[{"count":17,"href":"https:\/\/www.proffis.rs\/hu\/wp-json\/wp\/v2\/posts\/8793\/revisions"}],"predecessor-version":[{"id":343872,"href":"https:\/\/www.proffis.rs\/hu\/wp-json\/wp\/v2\/posts\/8793\/revisions\/343872"}],"wp:featuredmedia":[{"embeddable":true,"href":"https:\/\/www.proffis.rs\/hu\/wp-json\/wp\/v2\/media\/343871"}],"wp:attachment":[{"href":"https:\/\/www.proffis.rs\/hu\/wp-json\/wp\/v2\/media?parent=8793"}],"wp:term":[{"taxonomy":"category","embeddable":true,"href":"https:\/\/www.proffis.rs\/hu\/wp-json\/wp\/v2\/categories?post=8793"},{"taxonomy":"post_tag","embeddable":true,"href":"https:\/\/www.proffis.rs\/hu\/wp-json\/wp\/v2\/tags?post=8793"}],"curies":[{"name":"wp","href":"https:\/\/api.w.org\/{rel}","templated":true}]}}