{"id":8638,"date":"2020-02-25T13:57:46","date_gmt":"2020-02-25T13:57:46","guid":{"rendered":"http:\/\/www.proffis.rs\/?p=8638"},"modified":"2025-02-13T18:50:51","modified_gmt":"2025-02-13T18:50:51","slug":"kombi-prevoz","status":"publish","type":"post","link":"https:\/\/www.proffis.rs\/hu\/kombi-prevoz\/","title":{"rendered":"Kombi prevoz"},"content":{"rendered":"<p>[et_pb_section fb_built=&#8220;1&#8243; _builder_version=&#8220;4.16&#8243; global_colors_info=&#8220;{}&#8220;][et_pb_row column_structure=&#8220;1_2,1_2&#8243; _builder_version=&#8220;4.16&#8243; global_colors_info=&#8220;{}&#8220;][et_pb_column type=&#8220;1_2&#8243; _builder_version=&#8220;4.16&#8243; global_colors_info=&#8220;{}&#8220;][et_pb_divider show_divider=&#8220;off&#8220; _builder_version=&#8220;4.16&#8243; custom_margin=&#8220;10px||10px||false|false&#8220; global_colors_info=&#8220;{}&#8220;][\/et_pb_divider][et_pb_text _builder_version=&#8220;4.23.1&#8243; global_colors_info=&#8220;{}&#8220;]<\/p>\n<h2 style=\"text-align: center;\"><strong>KOMBI PREVOZ<\/strong><\/h2>\n<h2 style=\"text-align: center;\"><strong>SUBOTICA &#8211; BUDIMPE\u0160TA<\/strong><\/h2>\n<h2 style=\"text-align: center;\"><strong>BUDIMPE\u0160TA &#8211; SUBOTICA<\/strong><\/h2>\n<p>[\/et_pb_text][et_pb_text _builder_version=&#8220;4.23.1&#8243; background_color=&#8220;#fcfcfc&#8220; box_shadow_style=&#8220;preset2&#8243; box_shadow_horizontal=&#8220;9px&#8220; global_colors_info=&#8220;{}&#8220;]<\/p>\n<h3><strong>Najva\u017enije informacije<\/strong><\/h3>\n<p>* Svakodnevni garantovani kombi polasci<br \/>* Vi\u0161e polazaka u toku dana<br \/>* Vreme polaska se prilago\u0111ava potrebama putnika<br \/>* Mesta polaska: hotel Patria u Subotici ili Pali\u0107 centar<br \/>* Vozimo Vas do aerodroma ili \u017eeljene adrese u Budimpe\u0161ti<br \/>* Kombi prevoz do Budimpe\u0161te iz Beograda, Novog Sada, Ba\u010dke Topole i Subotice<\/p>\n<p>[\/et_pb_text][et_pb_text _builder_version=&#8220;4.19.0&#8243; global_colors_info=&#8220;{}&#8220;]<\/p>\n<h3><strong>Za\u0161to odabrati kombi prevoz do Budimpe\u0161te? <\/strong><\/h3>\n<p style=\"text-align: justify;\">Do Budimpe\u0161te iz Srbije mo\u017eete do\u0107i pratki\u010dno bilo kojim prevoznim sredstvom, ali se kombi, odnosno minibus prevoz pokazao kao najbolji i najelegantniji iz vi\u0161e razloga. Prilikom rezervacije kombi prevoza mo\u017eete da zatra\u017eite od prevoznika da Vas odveze do \u017eeljene adrese u Budimpe\u0161ti. Zahvaljuju\u0107i tako organizovanom kombi prevozu, u\u0161tede\u0107ete na vremenu i oslobodi\u0107ete sebe dodatnog stresa. Kako je Budimpe\u0161ta popularna destinacija, polasci kombijem iz i do ovog grada su svakodnevni. Za razliku od autobusa, aviona ili voza \u010dijem fiksnom redu vo\u017enje morate da se prilago\u0111avate, minibus prevoz je fleksibilniji i prilago\u0111ava se potrebama putnika. Mali broj putnika tako\u0111e pobolj\u0161ava kvalitet samog putovanja. Proffis obezbe\u0111uje putnicima udobno putovanje u klimatizovanim i \u010distim kombi vozilama. Na\u0161im profesionalnim voza\u010dima bi\u0107e pravo zadovoljstvo da Vas bezbedno prevezu iz Srbije za Ma\u0111arsku i nazad. Vi\u0161egodi\u0161nje iskustvo putnika je pokazalo da nijedno drugo prevozno sredstvo nije tako efikasno i elegantno koliko kombi prevoz.<\/p>\n<p>[\/et_pb_text][et_pb_text _builder_version=&#8220;4.19.0&#8243; global_colors_info=&#8220;{}&#8220;]<\/p>\n<h3><strong>Rezervacija prevoza za Budimpe\u0161tu<\/strong><\/h3>\n<p style=\"text-align: justify;\">Rezervaciju mo\u017eete izvr\u0161iti pozivom na telefon ili putem email-a. Prilikom rezervacije mora\u0107ete da ostavite neophodne detalje o sebi i Va\u0161em putovanju ili putniku odnosno putnicima koje prijavljujete za transfer. Po\u017eeljno je da svoje mesto u kombiju rezervi\u0161ete na vreme kako ne biste ostali bez istog. Agencija Proffis svojim putnicima, ukoliko je potrebno, poma\u017ee oko kupovine avio karata, putnog osiguranja osiguravaju\u0107e ku\u0107e Generali i organizacije sme\u0161taja.<\/p>\n<p>[\/et_pb_text][et_pb_text _builder_version=&#8220;4.23.1&#8243; custom_padding=&#8220;||0px|||&#8220; global_colors_info=&#8220;{}&#8220;]<\/p>\n<h3><strong>CENA<\/strong><\/h3>\n<p style=\"text-align: justify;\">Cena karte u jednom pravcu po osobi je <strong>45 eura<\/strong>, a cena povratne karte po osobi je<strong> 90 eura.<\/strong><\/p>\n<p>[\/et_pb_text][\/et_pb_column][et_pb_column type=&#8220;1_2&#8243; _builder_version=&#8220;4.16&#8243; global_colors_info=&#8220;{}&#8220;][et_pb_divider show_divider=&#8220;off&#8220; _builder_version=&#8220;4.16&#8243; custom_margin=&#8220;10px||10px||false|false&#8220; global_colors_info=&#8220;{}&#8220;][\/et_pb_divider][et_pb_text _builder_version=&#8220;4.19.0&#8243; global_colors_info=&#8220;{}&#8220;]<\/p>\n<h2 style=\"text-align: center;\"><strong>KOMBI PREVOZ\u00a0 &#8211; BE\u010c<\/strong><\/h2>\n<h2 style=\"text-align: center;\"><strong>SUBOTICA &#8211; BE\u010c<\/strong><\/h2>\n<h2 style=\"text-align: center;\"><strong>BE\u010c &#8211; SUBOTICA<\/strong><\/h2>\n<p>[\/et_pb_text][et_pb_text _builder_version=&#8220;4.16&#8243; background_color=&#8220;#fcfcfc&#8220; box_shadow_style=&#8220;preset2&#8243; box_shadow_horizontal=&#8220;9px&#8220; global_colors_info=&#8220;{}&#8220;]<\/p>\n<h3><strong>Najva\u017enije informacije<\/strong><\/h3>\n<p>* Svakodnevni garantovani kombi polasci <br \/>* Vi\u0161e polazaka u toku dana <br \/>* Vreme polaska se prilago\u0111ava potrebama putnika<br \/>*\u00a0Mesta polaska: hotel Patria u Subotici ili Pali\u0107 centar\u00a0<br \/>* Vozimo Vas do aerodroma ili \u017eeljene adrese u Be\u010du <br \/>* Kombi prevoz do Be\u010da iz Beograda, Novog Sada, Ba\u010dke Topole i Subotice<\/p>\n<p>[\/et_pb_text][et_pb_text _builder_version=&#8220;4.16&#8243; global_colors_info=&#8220;{}&#8220;]<\/p>\n<h3><strong>Za\u0161to odabrati kombi prevoz do Be\u010da?<\/strong><\/h3>\n<p style=\"text-align: justify;\"><span style=\"font-size: 15px;\">Evropska prestonica kulture i umetnosti Be\u010d je oduvek privla\u010dio stanovnike Srbije, ne samo turisti\u010dki, ve\u0107 i za \u017eivot, rad i studije. Do Be\u010da iz Srbije mo\u017eete do\u0107i bilo kojim prevoznim sredstvom, ali statistika pokazuje da se ljudi uglavnom odlu\u010duju za minibus odnosno kombi prevoz. Razlog je vrlo jednostavan \u2013 kombi prevoz je najisplativiji, najudobniji i najkvalitetniji na\u010din da otputujete za Be\u010d. Agencija Proffis ima organizovane svakodnevne polaske iz Srbije za Be\u010d i obratno. Polasci za Be\u010d se organizuju u nekoliko termina svakog dana, prema potrebama putnika, a naj\u010de\u0161\u0107e su to jutarnji i ve\u010dernji polazak. U tom slu\u010daju ne zavisite od reda vo\u017enje ostalih prevoznih sredstava. Agencija Proffis obezbe\u0111uje udobno putovanje u klimatizovanim i \u010distim kombi vozilima sa ljubaznim i profesionalnim voza\u010dima. U dogovoru sa agencijom Proffis i prilikom rezervacije mesta, mo\u017eete tra\u017eiti da Vas kombi u Be\u010du ostavi na aerodromu ili \u017eeljenoj adresi. Upravo zahvaljuju\u0107i kombi prevozu, Vi \u0161tedite na vremenu i ne brinete o tome kako \u0107ete do\u0107i do \u017eeljene adrese u gradu sa npr. aerodroma u Be\u010du.<\/span><\/p>\n<p>[\/et_pb_text][et_pb_text _builder_version=&#8220;4.19.0&#8243; global_colors_info=&#8220;{}&#8220;]<\/p>\n<h3><strong>Rezervacija prevoza za Be\u010d<\/strong><\/h3>\n<p style=\"text-align: justify;\">Rezervaciju mo\u017eete izvr\u0161iti pozivom na telefon ili putem email-a. Po\u017eeljno je da ne \u010dekate zadnji momenat da rezervi\u0161ete mesto ve\u0107 da to uradite na vreme. Prilikom rezervacije, mora\u0107ete ostaviti detalje o sebi i Va\u0111em putovanju ili putniku odnosno putnicima koje prijavljujete za transfer. Agencija Proffis svojim putnicima, ukoliko je potrebno, poma\u017ee oko kupovine avio karata, putnog osiguranja osiguravaju\u0107e ku\u0107e Generali i organizacije sme\u0161taja.<\/p>\n<p>[\/et_pb_text][et_pb_text _builder_version=&#8220;4.23.1&#8243; hover_enabled=&#8220;0&#8243; global_colors_info=&#8220;{}&#8220; sticky_enabled=&#8220;0&#8243;]<\/p>\n<h3><strong>CENA<\/strong><\/h3>\n<p style=\"text-align: justify;\">Cena karte u jednom pravcu po osobi je <strong>60 eura<\/strong>, a cena povratne karte po osobi je <strong>120 eura.<\/strong><\/p>\n<p>[\/et_pb_text][\/et_pb_column][\/et_pb_row][\/et_pb_section]<\/p>\n","protected":false},"excerpt":{"rendered":"<p>KOMBI PREVOZ SUBOTICA &#8211; BUDIMPE\u0160TA BUDIMPE\u0160TA &#8211; SUBOTICANajva\u017enije informacije * Svakodnevni garantovani kombi polasci* Vi\u0161e polazaka u toku dana* Vreme polaska se prilago\u0111ava potrebama putnika* Mesta polaska: hotel Patria u Subotici ili Pali\u0107 centar* Vozimo Vas do aerodroma ili \u017eeljene adrese u Budimpe\u0161ti* Kombi prevoz do Budimpe\u0161te iz Beograda, Novog Sada, Ba\u010dke Topole i SuboticeZa\u0161to [&hellip;]<\/p>\n","protected":false},"author":2,"featured_media":0,"comment_status":"open","ping_status":"open","sticky":false,"template":"","format":"standard","meta":{"_et_pb_use_builder":"on","_et_pb_old_content":"","_et_gb_content_width":"","footnotes":""},"categories":[1],"tags":[],"class_list":["post-8638","post","type-post","status-publish","format-standard","hentry","category-uncategorized"],"yoast_head":"<!-- This site is optimized with the Yoast SEO plugin v27.3 - https:\/\/yoast.com\/product\/yoast-seo-wordpress\/ -->\n<title>Kombi prevoz | Subotica - Budimpe\u0161ta - Subotica | Proffis Subotica<\/title>\n<meta name=\"description\" content=\"Kombi prevoz Subotica - Budimpe\u0161ta, Budimpe\u0161ta - Subotica. Svakodnevni garantovani kombi polasci. Vi\u0161e polazaka u toku dana.\" \/>\n<meta name=\"robots\" content=\"index, follow, max-snippet:-1, max-image-preview:large, max-video-preview:-1\" \/>\n<link rel=\"canonical\" href=\"https:\/\/www.proffis.rs\/hu\/kombi-prevoz\/\" \/>\n<meta property=\"og:locale\" content=\"hu_HU\" \/>\n<meta property=\"og:type\" content=\"article\" \/>\n<meta property=\"og:title\" content=\"Kombi prevoz | Subotica - Budimpe\u0161ta - Subotica | Proffis Subotica\" \/>\n<meta property=\"og:description\" content=\"Kombi prevoz Subotica - Budimpe\u0161ta, Budimpe\u0161ta - Subotica. Svakodnevni garantovani kombi polasci. Vi\u0161e polazaka u toku dana.\" \/>\n<meta property=\"og:url\" content=\"https:\/\/www.proffis.rs\/hu\/kombi-prevoz\/\" \/>\n<meta property=\"og:site_name\" content=\"30 GODINA VA\u0160EG POVERENJA\" \/>\n<meta property=\"article:publisher\" content=\"https:\/\/www.facebook.com\/PROFFISSUBOTICA\" \/>\n<meta property=\"article:published_time\" content=\"2020-02-25T13:57:46+00:00\" \/>\n<meta property=\"article:modified_time\" content=\"2025-02-13T18:50:51+00:00\" \/>\n<meta name=\"author\" content=\"Proffis\" \/>\n<meta name=\"twitter:card\" content=\"summary_large_image\" \/>\n<meta name=\"twitter:label1\" content=\"Szerz\u0151:\" \/>\n\t<meta name=\"twitter:data1\" content=\"Proffis\" \/>\n\t<meta name=\"twitter:label2\" content=\"Becs\u00fclt olvas\u00e1si id\u0151\" \/>\n\t<meta name=\"twitter:data2\" content=\"4 perc\" \/>\n<script type=\"application\/ld+json\" class=\"yoast-schema-graph\">{\"@context\":\"https:\\\/\\\/schema.org\",\"@graph\":[{\"@type\":\"Article\",\"@id\":\"https:\\\/\\\/www.proffis.rs\\\/kombi-prevoz\\\/#article\",\"isPartOf\":{\"@id\":\"https:\\\/\\\/www.proffis.rs\\\/kombi-prevoz\\\/\"},\"author\":{\"name\":\"Proffis\",\"@id\":\"https:\\\/\\\/www.proffis.rs\\\/#\\\/schema\\\/person\\\/fe57c4522d3b4818d642b3ed8102078e\"},\"headline\":\"Kombi prevoz\",\"datePublished\":\"2020-02-25T13:57:46+00:00\",\"dateModified\":\"2025-02-13T18:50:51+00:00\",\"mainEntityOfPage\":{\"@id\":\"https:\\\/\\\/www.proffis.rs\\\/kombi-prevoz\\\/\"},\"wordCount\":925,\"commentCount\":0,\"publisher\":{\"@id\":\"https:\\\/\\\/www.proffis.rs\\\/#organization\"},\"articleSection\":[\"Uncategorized\"],\"inLanguage\":\"hu\",\"potentialAction\":[{\"@type\":\"CommentAction\",\"name\":\"Comment\",\"target\":[\"https:\\\/\\\/www.proffis.rs\\\/kombi-prevoz\\\/#respond\"]}]},{\"@type\":\"WebPage\",\"@id\":\"https:\\\/\\\/www.proffis.rs\\\/kombi-prevoz\\\/\",\"url\":\"https:\\\/\\\/www.proffis.rs\\\/kombi-prevoz\\\/\",\"name\":\"Kombi prevoz | Subotica - Budimpe\u0161ta - Subotica | Proffis Subotica\",\"isPartOf\":{\"@id\":\"https:\\\/\\\/www.proffis.rs\\\/#website\"},\"datePublished\":\"2020-02-25T13:57:46+00:00\",\"dateModified\":\"2025-02-13T18:50:51+00:00\",\"description\":\"Kombi prevoz Subotica - Budimpe\u0161ta, Budimpe\u0161ta - Subotica. Svakodnevni garantovani kombi polasci. Vi\u0161e polazaka u toku dana.\",\"breadcrumb\":{\"@id\":\"https:\\\/\\\/www.proffis.rs\\\/kombi-prevoz\\\/#breadcrumb\"},\"inLanguage\":\"hu\",\"potentialAction\":[{\"@type\":\"ReadAction\",\"target\":[\"https:\\\/\\\/www.proffis.rs\\\/kombi-prevoz\\\/\"]}]},{\"@type\":\"BreadcrumbList\",\"@id\":\"https:\\\/\\\/www.proffis.rs\\\/kombi-prevoz\\\/#breadcrumb\",\"itemListElement\":[{\"@type\":\"ListItem\",\"position\":1,\"name\":\"Home\",\"item\":\"https:\\\/\\\/www.proffis.rs\\\/\"},{\"@type\":\"ListItem\",\"position\":2,\"name\":\"Kombi prevoz\"}]},{\"@type\":\"WebSite\",\"@id\":\"https:\\\/\\\/www.proffis.rs\\\/#website\",\"url\":\"https:\\\/\\\/www.proffis.rs\\\/\",\"name\":\"Proffis\",\"description\":\"Proffis Turisti\u010dka agencija Subotica\",\"publisher\":{\"@id\":\"https:\\\/\\\/www.proffis.rs\\\/#organization\"},\"alternateName\":\"Turisti\u010dka agencija Proffis SUBOTICA\",\"potentialAction\":[{\"@type\":\"SearchAction\",\"target\":{\"@type\":\"EntryPoint\",\"urlTemplate\":\"https:\\\/\\\/www.proffis.rs\\\/?s={search_term_string}\"},\"query-input\":{\"@type\":\"PropertyValueSpecification\",\"valueRequired\":true,\"valueName\":\"search_term_string\"}}],\"inLanguage\":\"hu\"},{\"@type\":\"Organization\",\"@id\":\"https:\\\/\\\/www.proffis.rs\\\/#organization\",\"name\":\"Proffis\",\"url\":\"https:\\\/\\\/www.proffis.rs\\\/\",\"logo\":{\"@type\":\"ImageObject\",\"inLanguage\":\"hu\",\"@id\":\"https:\\\/\\\/www.proffis.rs\\\/#\\\/schema\\\/logo\\\/image\\\/\",\"url\":\"https:\\\/\\\/media.proffis.rs\\\/2023\\\/12\\\/proffis2-removebg.png\",\"contentUrl\":\"https:\\\/\\\/media.proffis.rs\\\/2023\\\/12\\\/proffis2-removebg.png\",\"width\":806,\"height\":310,\"caption\":\"Proffis\"},\"image\":{\"@id\":\"https:\\\/\\\/www.proffis.rs\\\/#\\\/schema\\\/logo\\\/image\\\/\"},\"sameAs\":[\"https:\\\/\\\/www.facebook.com\\\/PROFFISSUBOTICA\"]},{\"@type\":\"Person\",\"@id\":\"https:\\\/\\\/www.proffis.rs\\\/#\\\/schema\\\/person\\\/fe57c4522d3b4818d642b3ed8102078e\",\"name\":\"Proffis\",\"image\":{\"@type\":\"ImageObject\",\"inLanguage\":\"hu\",\"@id\":\"https:\\\/\\\/secure.gravatar.com\\\/avatar\\\/d419edbf9f77b6fee9a6205d5570c707c9bcaec37e05e97ccec9d81b646420cf?s=96&d=mm&r=g\",\"url\":\"https:\\\/\\\/secure.gravatar.com\\\/avatar\\\/d419edbf9f77b6fee9a6205d5570c707c9bcaec37e05e97ccec9d81b646420cf?s=96&d=mm&r=g\",\"contentUrl\":\"https:\\\/\\\/secure.gravatar.com\\\/avatar\\\/d419edbf9f77b6fee9a6205d5570c707c9bcaec37e05e97ccec9d81b646420cf?s=96&d=mm&r=g\",\"caption\":\"Proffis\"},\"url\":\"https:\\\/\\\/www.proffis.rs\\\/hu\\\/author\\\/ceda\\\/\"}]}<\/script>\n<!-- \/ Yoast SEO plugin. -->","yoast_head_json":{"title":"Kombi prevoz | Subotica - Budimpe\u0161ta - Subotica | Proffis Subotica","description":"Kombi prevoz Subotica - Budimpe\u0161ta, Budimpe\u0161ta - Subotica. Svakodnevni garantovani kombi polasci. Vi\u0161e polazaka u toku dana.","robots":{"index":"index","follow":"follow","max-snippet":"max-snippet:-1","max-image-preview":"max-image-preview:large","max-video-preview":"max-video-preview:-1"},"canonical":"https:\/\/www.proffis.rs\/hu\/kombi-prevoz\/","og_locale":"hu_HU","og_type":"article","og_title":"Kombi prevoz | Subotica - Budimpe\u0161ta - Subotica | Proffis Subotica","og_description":"Kombi prevoz Subotica - Budimpe\u0161ta, Budimpe\u0161ta - Subotica. Svakodnevni garantovani kombi polasci. Vi\u0161e polazaka u toku dana.","og_url":"https:\/\/www.proffis.rs\/hu\/kombi-prevoz\/","og_site_name":"30 GODINA VA\u0160EG POVERENJA","article_publisher":"https:\/\/www.facebook.com\/PROFFISSUBOTICA","article_published_time":"2020-02-25T13:57:46+00:00","article_modified_time":"2025-02-13T18:50:51+00:00","author":"Proffis","twitter_card":"summary_large_image","twitter_misc":{"Szerz\u0151:":"Proffis","Becs\u00fclt olvas\u00e1si id\u0151":"4 perc"},"schema":{"@context":"https:\/\/schema.org","@graph":[{"@type":"Article","@id":"https:\/\/www.proffis.rs\/kombi-prevoz\/#article","isPartOf":{"@id":"https:\/\/www.proffis.rs\/kombi-prevoz\/"},"author":{"name":"Proffis","@id":"https:\/\/www.proffis.rs\/#\/schema\/person\/fe57c4522d3b4818d642b3ed8102078e"},"headline":"Kombi prevoz","datePublished":"2020-02-25T13:57:46+00:00","dateModified":"2025-02-13T18:50:51+00:00","mainEntityOfPage":{"@id":"https:\/\/www.proffis.rs\/kombi-prevoz\/"},"wordCount":925,"commentCount":0,"publisher":{"@id":"https:\/\/www.proffis.rs\/#organization"},"articleSection":["Uncategorized"],"inLanguage":"hu","potentialAction":[{"@type":"CommentAction","name":"Comment","target":["https:\/\/www.proffis.rs\/kombi-prevoz\/#respond"]}]},{"@type":"WebPage","@id":"https:\/\/www.proffis.rs\/kombi-prevoz\/","url":"https:\/\/www.proffis.rs\/kombi-prevoz\/","name":"Kombi prevoz | Subotica - Budimpe\u0161ta - Subotica | Proffis Subotica","isPartOf":{"@id":"https:\/\/www.proffis.rs\/#website"},"datePublished":"2020-02-25T13:57:46+00:00","dateModified":"2025-02-13T18:50:51+00:00","description":"Kombi prevoz Subotica - Budimpe\u0161ta, Budimpe\u0161ta - Subotica. Svakodnevni garantovani kombi polasci. Vi\u0161e polazaka u toku dana.","breadcrumb":{"@id":"https:\/\/www.proffis.rs\/kombi-prevoz\/#breadcrumb"},"inLanguage":"hu","potentialAction":[{"@type":"ReadAction","target":["https:\/\/www.proffis.rs\/kombi-prevoz\/"]}]},{"@type":"BreadcrumbList","@id":"https:\/\/www.proffis.rs\/kombi-prevoz\/#breadcrumb","itemListElement":[{"@type":"ListItem","position":1,"name":"Home","item":"https:\/\/www.proffis.rs\/"},{"@type":"ListItem","position":2,"name":"Kombi prevoz"}]},{"@type":"WebSite","@id":"https:\/\/www.proffis.rs\/#website","url":"https:\/\/www.proffis.rs\/","name":"Proffis","description":"Proffis Turisti\u010dka agencija Subotica","publisher":{"@id":"https:\/\/www.proffis.rs\/#organization"},"alternateName":"Turisti\u010dka agencija Proffis SUBOTICA","potentialAction":[{"@type":"SearchAction","target":{"@type":"EntryPoint","urlTemplate":"https:\/\/www.proffis.rs\/?s={search_term_string}"},"query-input":{"@type":"PropertyValueSpecification","valueRequired":true,"valueName":"search_term_string"}}],"inLanguage":"hu"},{"@type":"Organization","@id":"https:\/\/www.proffis.rs\/#organization","name":"Proffis","url":"https:\/\/www.proffis.rs\/","logo":{"@type":"ImageObject","inLanguage":"hu","@id":"https:\/\/www.proffis.rs\/#\/schema\/logo\/image\/","url":"https:\/\/media.proffis.rs\/2023\/12\/proffis2-removebg.png","contentUrl":"https:\/\/media.proffis.rs\/2023\/12\/proffis2-removebg.png","width":806,"height":310,"caption":"Proffis"},"image":{"@id":"https:\/\/www.proffis.rs\/#\/schema\/logo\/image\/"},"sameAs":["https:\/\/www.facebook.com\/PROFFISSUBOTICA"]},{"@type":"Person","@id":"https:\/\/www.proffis.rs\/#\/schema\/person\/fe57c4522d3b4818d642b3ed8102078e","name":"Proffis","image":{"@type":"ImageObject","inLanguage":"hu","@id":"https:\/\/secure.gravatar.com\/avatar\/d419edbf9f77b6fee9a6205d5570c707c9bcaec37e05e97ccec9d81b646420cf?s=96&d=mm&r=g","url":"https:\/\/secure.gravatar.com\/avatar\/d419edbf9f77b6fee9a6205d5570c707c9bcaec37e05e97ccec9d81b646420cf?s=96&d=mm&r=g","contentUrl":"https:\/\/secure.gravatar.com\/avatar\/d419edbf9f77b6fee9a6205d5570c707c9bcaec37e05e97ccec9d81b646420cf?s=96&d=mm&r=g","caption":"Proffis"},"url":"https:\/\/www.proffis.rs\/hu\/author\/ceda\/"}]}},"_links":{"self":[{"href":"https:\/\/www.proffis.rs\/hu\/wp-json\/wp\/v2\/posts\/8638","targetHints":{"allow":["GET"]}}],"collection":[{"href":"https:\/\/www.proffis.rs\/hu\/wp-json\/wp\/v2\/posts"}],"about":[{"href":"https:\/\/www.proffis.rs\/hu\/wp-json\/wp\/v2\/types\/post"}],"author":[{"embeddable":true,"href":"https:\/\/www.proffis.rs\/hu\/wp-json\/wp\/v2\/users\/2"}],"replies":[{"embeddable":true,"href":"https:\/\/www.proffis.rs\/hu\/wp-json\/wp\/v2\/comments?post=8638"}],"version-history":[{"count":71,"href":"https:\/\/www.proffis.rs\/hu\/wp-json\/wp\/v2\/posts\/8638\/revisions"}],"predecessor-version":[{"id":344564,"href":"https:\/\/www.proffis.rs\/hu\/wp-json\/wp\/v2\/posts\/8638\/revisions\/344564"}],"wp:attachment":[{"href":"https:\/\/www.proffis.rs\/hu\/wp-json\/wp\/v2\/media?parent=8638"}],"wp:term":[{"taxonomy":"category","embeddable":true,"href":"https:\/\/www.proffis.rs\/hu\/wp-json\/wp\/v2\/categories?post=8638"},{"taxonomy":"post_tag","embeddable":true,"href":"https:\/\/www.proffis.rs\/hu\/wp-json\/wp\/v2\/tags?post=8638"}],"curies":[{"name":"wp","href":"https:\/\/api.w.org\/{rel}","templated":true}]}}