{"id":346892,"date":"2025-11-28T14:11:26","date_gmt":"2025-11-28T14:11:26","guid":{"rendered":"https:\/\/www.proffis.rs\/?p=346892"},"modified":"2026-04-01T12:12:35","modified_gmt":"2026-04-01T12:12:35","slug":"istanbul-2025","status":"publish","type":"post","link":"https:\/\/www.proffis.rs\/hu\/istanbul-2025\/","title":{"rendered":"ISTANBUL 2026. \u2708\ufe0f"},"content":{"rendered":"<p>[et_pb_section fb_built=&#8220;1&#8243; admin_label=&#8220;section&#8220; _builder_version=&#8220;4.16&#8243; global_colors_info=&#8220;{}&#8220;][et_pb_row admin_label=&#8220;row&#8220; _builder_version=&#8220;4.16&#8243; background_size=&#8220;initial&#8220; background_position=&#8220;top_left&#8220; background_repeat=&#8220;repeat&#8220; global_colors_info=&#8220;{}&#8220;][et_pb_column type=&#8220;4_4&#8243; _builder_version=&#8220;4.16&#8243; custom_padding=&#8220;|||&#8220; global_colors_info=&#8220;{}&#8220; custom_padding__hover=&#8220;|||&#8220;][et_pb_text _builder_version=&#8220;4.27.6&#8243; hover_enabled=&#8220;0&#8243; global_colors_info=&#8220;{}&#8220; sticky_enabled=&#8220;0&#8243;]<\/p>\n<h1 class=\"mt-3\" style=\"text-align: center;\"><strong>ISTANBUL 2026.<\/strong><\/h1>\n<h3 style=\"text-align: center;\">4 dana avionom<\/h3>\n<div>\n<p><strong><em>\u201eUkoliko bi svet bio jedna dr\u017eava, Istanbul bi bio njen glavni grad\u201c-Napoleon Bonaparte\u00a0<\/em><\/strong><\/p>\n<\/div>\n<div><strong>Istanbul<\/strong> nije glavni grad Turske ali je najve\u0107i i predstavlja njen kulturni,istorijski i ekonomski centar. Poput Rima, izgra\u0111en je na 7 bre\u017euljaka na Bosforskom moreuzu koji spaja Mramorno sa Crnim morem.Istanbul je jedinstveni grad koji se pru\u017ea na dva kontinenta.Kako je u nekim delovim prisutno i evropsko i azijsko nasle\u0111e, posetiocima se \u010dini da je ovo mesto gde su se sudarile dve kulture, evropska i azijska, hri\u0161\u0107anstvo i islam. Grad koji \u0107e Vas fascinirati ve\u0107\u00a0 na prvi pogled. Iz njega izbija nostalgija pro\u0161lih vremena i \u010dini se kao da \u0107e iza nekog ugla iza\u0107i azijska princeza, prekrivena svilom i zlatom, u pratnji \u010duvara sa isukanim sabljama.Vodenim pov\u0161inama podeljen je na tri celine. Bosforski moreuz deli Istanbul na azijski i evropski deo, dok kanal Zlatni Rog preseca evropski deo. Ba\u0161 tu nalazi se i najlep\u0161i kraj Istanbula \u2013 Sultan Ahmet, pozicioniran ju\u017eno od kanala Zlatni Rog. Ovo preporu\u010dujemo kao polaznu ta\u010dku za obilazak jer se tu sme\u0161tene najzanimiljivije znamenitosti Istanbula.Istanbul je grad kako za odmor tako i za dobru zabavu. Broji neke od najve\u0107ih i najboljih tr\u017enih centara na svetu. Najpoznatiji je Grand Bazar( tzv. Kapali \u010dar\u0161ija) koji je ujedno i najve\u0107i zatvoreni bazar na svetu sagradjen u XV veku sa oko 4.000 prodavnica.Pored tipi\u010dne turske kuhinje, Istanbul je poznat i po svojim mnogobrojnim ribljim restoranima. Neki od najekskluzivnijih restorana, barova i diskoteka nalaze se na obali Bosfora.<\/div>\n<p>[\/et_pb_text][et_pb_image src=&#8220;https:\/\/media.proffis.rs\/2025\/11\/istanbul-2912249_1280.jpg&#8220; title_text=&#8220;istanbul-2912249_1280&#8243; _builder_version=&#8220;4.23.1&#8243; _module_preset=&#8220;default&#8220; global_colors_info=&#8220;{}&#8220;][\/et_pb_image][\/et_pb_column][\/et_pb_row][et_pb_row _builder_version=&#8220;4.16&#8243; global_colors_info=&#8220;{}&#8220;][et_pb_column type=&#8220;4_4&#8243; _builder_version=&#8220;4.16&#8243; global_colors_info=&#8220;{}&#8220;][et_pb_text _builder_version=&#8220;4.27.6&#8243; link_option_url_new_window=&#8220;on&#8220; hover_enabled=&#8220;0&#8243; global_colors_info=&#8220;{}&#8220; sticky_enabled=&#8220;0&#8243;]<\/p>\n<h3><strong>Prodaja u svojstvu subagenta<\/strong><\/h3>\n<p><strong>PROGRAM PUTOVANJA:<\/strong><br \/><strong>1. dan: BEOGRAD &#8211; ISTANBUL<\/strong><br \/>Sastanak putnika na aerodromu Nikola Tesla dva sata pre predvi\u0111enog vremena poletanja aviona. Let kompanijom Turkish Airlines TK 1082 za Istanbul u 09.00h(odnosno 09.20h), sletanje u Istanbul u 12:50h(odnosno 12.15h) (lokalna vremena prema objavljenoj satnici avio kompanije). Organizovan transfer i sme\u0161taj u hotel. Slobodno vreme ili fakultativni obilazak Sulejmanija d\u017eamije, koja je izgra\u0111ena oko 1550. godine i vrhunsko je delo najve\u0107eg osmanlijskog (otomanskog) arhitekte i graditelja Sinana. U ve\u010dernjim satima mogu\u0107nost fakultatvnog izleta do Taksima &#8211; modernog centra Istanbula. \u0160etnja Istiklal ulicom najprometnijom i najpoznatijom pe\u0161a\u010dkom zonom koja \u0107e sa bogatom ponudom prodavnica, kafi\u0107a, restorana zadovoljiti sva\u010diji ukus. Izlet se zavr\u0161ava kod atraktivne Galata kule. No\u0107enje.<br \/><strong>2. dan: ISTANBUL<\/strong><br \/>Doru\u010dak. Slobodno vreme za individualne aktivnosti ili fakultativni poludnevni izlet Azijska tura. Obilazak azijskog dela Istanbula obuhvata odlazak na \u010camlid\u017ee, najpoznatiji vidikovac odakle se pru\u017ea nezaboravan pogled, kra\u0107u \u0161etnju kroz \u00dcsk\u00dcdar u kome se nalaze luka i Devoja\u010dka kula i Bagdadskom ulicom najdu\u017eim bulevarom sa mno\u0161tvom restorana i prodavnica svetskih brendova, odlazak do \u010detvrti Kadikoy gde mo\u017eete pro\u0161etati uskim, vijugavim ulicama prepunim kafi\u0107a, barova, restorana i vinta\u017e radnji. No\u0107enje.<br \/><strong>3. dan: ISTANBUL<\/strong><br \/>Doru\u010dak. Slobodno vreme za individualne aktivnosti ili fakultativno krstarenje BOSFOROM sa posetom Vaseljenskoj patrijar\u0161iji, a u ve\u010dernjim satima mogu\u0107nost fakultativne posete RESTORANU na brodu ORIENT HOUSE. (www.orienthouseistanbul.com), gde \u0107ete uz ve\u010deru, pi\u0107e, orijentalnu muziku i programom sa trbu\u0161nim plesa\u010dicama na originalan na\u010din osetiti duh ove zemlje. No\u0107enje.<br \/><strong>4. dan: ISTANBUL &#8211; BEOGRAD<\/strong><br \/>Doru\u010dak. Odjava iz hotela. Slobodno vreme do polaska na aerodrom, ili fakultativni obilazak lokaliteta najva\u017enjih spomenika Carigrada u pratnji vodi\u010da &#8211; Anti\u010dkog-hipodroma, Aja Sofije nestvarne crkve (a sada d\u017eamije) koja je zavrsena 537.g.n.e. Topkapi palate (rezidencija sultana iz vremena vrhunca mo\u0107i Osmanlija) gde se ulazi u prvo dvori\u0161te. Organizovan transfer do aerodroma. Poletanje aviona za Beograd TK 1083 u 19.40h,(odnosno 18.45h) o\u010dekivano vreme sletanja na aerodrom Nikola Tesla oko 19.25h (odnosno 19.35h)za let TK 1083 (lokalna vremena prema objavljenoj satnici avio kompanije). Kraj programa.<\/p>\n<p>[\/et_pb_text][et_pb_text _builder_version=&#8220;4.27.6&#8243; _module_preset=&#8220;default&#8220; hover_enabled=&#8220;0&#8243; global_colors_info=&#8220;{}&#8220; sticky_enabled=&#8220;0&#8243;]<\/p>\n<p>Subagent prodaje turisti\u010dkog putovanja u ime i za ra\u010dun organizatora putovanja pod istim uslovima kao i organizator putovanja.<br \/>Organizator putovanja ARGUS TOURS, Licenca OTP 89\/2021 kategorije A<br \/>Za ovo putovanje va\u017ee op\u0161ti uslovi putovanja T. A. ARGUS TOURS.<\/p>\n<p>[\/et_pb_text][et_pb_button _builder_version=&#8220;4.27.6&#8243; _module_preset=&#8220;default&#8220; button_text=&#8220;CENOVNIK 2026.&#8220; button_url=&#8220;https:\/\/media.proffis.rs\/2026\/04\/ilovepdf_merged.pdf&#8220; hover_enabled=&#8220;0&#8243; sticky_enabled=&#8220;0&#8243;][\/et_pb_button][\/et_pb_column][\/et_pb_row][et_pb_row column_structure=&#8220;1_3,1_3,1_3&#8243; _builder_version=&#8220;4.16&#8243; global_colors_info=&#8220;{}&#8220;][et_pb_column type=&#8220;1_3&#8243; _builder_version=&#8220;4.16&#8243; global_colors_info=&#8220;{}&#8220;][et_pb_button button_url=&#8220;https:\/\/media.proffis.rs\/2026\/04\/istanbul-avio-2026-do-sept-698f15b3314e5.pdf&#8220; url_new_window=&#8220;on&#8220; button_text=&#8220;PREUZMI PROGRAM&#8220; _builder_version=&#8220;4.27.6&#8243; hover_enabled=&#8220;0&#8243; global_colors_info=&#8220;{}&#8220; sticky_enabled=&#8220;0&#8243;][\/et_pb_button][\/et_pb_column][et_pb_column type=&#8220;1_3&#8243; _builder_version=&#8220;4.16&#8243; global_colors_info=&#8220;{}&#8220;][et_pb_button button_url=&#8220;http:\/\/www.proffis.rs\/kontakt&#8220; url_new_window=&#8220;on&#8220; button_text=&#8220;KONTAKTIRAJE NAS&#8220; _builder_version=&#8220;4.27.6&#8243; _module_preset=&#8220;default&#8220; hover_enabled=&#8220;0&#8243; global_colors_info=&#8220;{}&#8220; sticky_enabled=&#8220;0&#8243;][\/et_pb_button][\/et_pb_column][et_pb_column type=&#8220;1_3&#8243; _builder_version=&#8220;4.16&#8243; global_colors_info=&#8220;{}&#8220;][et_pb_button button_url=&#8220;mailto:info@proffis.rs&#8220; url_new_window=&#8220;on&#8220; button_text=&#8220;ONLINE UPIT&#8220; button_alignment=&#8220;right&#8220; _builder_version=&#8220;4.23.1&#8243; hover_enabled=&#8220;0&#8243; global_colors_info=&#8220;{}&#8220; sticky_enabled=&#8220;0&#8243;][\/et_pb_button][\/et_pb_column][\/et_pb_row][\/et_pb_section][et_pb_section fb_built=&#8220;1&#8243; _builder_version=&#8220;4.23.1&#8243; _module_preset=&#8220;default&#8220; global_colors_info=&#8220;{}&#8220;][et_pb_row _builder_version=&#8220;4.23.1&#8243; _module_preset=&#8220;default&#8220; global_colors_info=&#8220;{}&#8220;][et_pb_column type=&#8220;4_4&#8243; _builder_version=&#8220;4.23.1&#8243; _module_preset=&#8220;default&#8220; global_colors_info=&#8220;{}&#8220;][\/et_pb_column][\/et_pb_row][\/et_pb_section]<\/p>\n","protected":false},"excerpt":{"rendered":"<p>ISTANBUL 2026. 4 dana avionom \u201eUkoliko bi svet bio jedna dr\u017eava, Istanbul bi bio njen glavni grad\u201c-Napoleon Bonaparte\u00a0 Istanbul nije glavni grad Turske ali je najve\u0107i i predstavlja njen kulturni,istorijski i ekonomski centar. Poput Rima, izgra\u0111en je na 7 bre\u017euljaka na Bosforskom moreuzu koji spaja Mramorno sa Crnim morem.Istanbul je jedinstveni grad koji se pru\u017ea [&hellip;]<\/p>\n","protected":false},"author":2,"featured_media":346881,"comment_status":"closed","ping_status":"closed","sticky":false,"template":"","format":"standard","meta":{"_et_pb_use_builder":"on","_et_pb_old_content":"","_et_gb_content_width":"","footnotes":""},"categories":[32,39],"tags":[],"class_list":["post-346892","post","type-post","status-publish","format-standard","has-post-thumbnail","hentry","category-gradovi-evrope","category-turska"],"yoast_head":"<!-- This site is optimized with the Yoast SEO plugin v27.3 - https:\/\/yoast.com\/product\/yoast-seo-wordpress\/ -->\n<title>ISTANBUL 2026. \u2708\ufe0f | 30 GODINA VA\u0160EG POVERENJA<\/title>\n<meta name=\"description\" content=\"Istanbul nije glavni grad Turske ali je najve\u0107i i predstavlja njen kulturni,istorijski i ekonomski centar.\" \/>\n<meta name=\"robots\" content=\"index, follow, max-snippet:-1, max-image-preview:large, max-video-preview:-1\" \/>\n<link rel=\"canonical\" href=\"https:\/\/www.proffis.rs\/hu\/istanbul-2025\/\" \/>\n<meta property=\"og:locale\" content=\"hu_HU\" \/>\n<meta property=\"og:type\" content=\"article\" \/>\n<meta property=\"og:title\" content=\"ISTANBUL 2026. \u2708\ufe0f | 30 GODINA VA\u0160EG POVERENJA\" \/>\n<meta property=\"og:description\" content=\"Istanbul nije glavni grad Turske ali je najve\u0107i i predstavlja njen kulturni,istorijski i ekonomski centar.\" \/>\n<meta property=\"og:url\" content=\"https:\/\/www.proffis.rs\/hu\/istanbul-2025\/\" \/>\n<meta property=\"og:site_name\" content=\"30 GODINA VA\u0160EG POVERENJA\" \/>\n<meta property=\"article:publisher\" content=\"https:\/\/www.facebook.com\/PROFFISSUBOTICA\" \/>\n<meta property=\"article:published_time\" content=\"2025-11-28T14:11:26+00:00\" \/>\n<meta property=\"article:modified_time\" content=\"2026-04-01T12:12:35+00:00\" \/>\n<meta property=\"og:image\" content=\"https:\/\/media.proffis.rs\/2025\/11\/istanbul-5202424_1280.jpg\" \/>\n\t<meta property=\"og:image:width\" content=\"1280\" \/>\n\t<meta property=\"og:image:height\" content=\"853\" \/>\n\t<meta property=\"og:image:type\" content=\"image\/jpeg\" \/>\n<meta name=\"author\" content=\"Proffis\" \/>\n<meta name=\"twitter:card\" content=\"summary_large_image\" \/>\n<meta name=\"twitter:label1\" content=\"Szerz\u0151:\" \/>\n\t<meta name=\"twitter:data1\" content=\"Proffis\" \/>\n\t<meta name=\"twitter:label2\" content=\"Becs\u00fclt olvas\u00e1si id\u0151\" \/>\n\t<meta name=\"twitter:data2\" content=\"4 perc\" \/>\n<script type=\"application\/ld+json\" class=\"yoast-schema-graph\">{\"@context\":\"https:\\\/\\\/schema.org\",\"@graph\":[{\"@type\":\"Article\",\"@id\":\"https:\\\/\\\/www.proffis.rs\\\/istanbul-2025\\\/#article\",\"isPartOf\":{\"@id\":\"https:\\\/\\\/www.proffis.rs\\\/istanbul-2025\\\/\"},\"author\":{\"name\":\"Proffis\",\"@id\":\"https:\\\/\\\/www.proffis.rs\\\/#\\\/schema\\\/person\\\/fe57c4522d3b4818d642b3ed8102078e\"},\"headline\":\"ISTANBUL 2026. \u2708\ufe0f\",\"datePublished\":\"2025-11-28T14:11:26+00:00\",\"dateModified\":\"2026-04-01T12:12:35+00:00\",\"mainEntityOfPage\":{\"@id\":\"https:\\\/\\\/www.proffis.rs\\\/istanbul-2025\\\/\"},\"wordCount\":1058,\"publisher\":{\"@id\":\"https:\\\/\\\/www.proffis.rs\\\/#organization\"},\"image\":{\"@id\":\"https:\\\/\\\/www.proffis.rs\\\/istanbul-2025\\\/#primaryimage\"},\"thumbnailUrl\":\"https:\\\/\\\/media.proffis.rs\\\/2025\\\/11\\\/istanbul-5202424_1280.jpg\",\"articleSection\":[\"Gradovi Evrope\",\"Turska\"],\"inLanguage\":\"hu\"},{\"@type\":\"WebPage\",\"@id\":\"https:\\\/\\\/www.proffis.rs\\\/istanbul-2025\\\/\",\"url\":\"https:\\\/\\\/www.proffis.rs\\\/istanbul-2025\\\/\",\"name\":\"ISTANBUL 2026. \u2708\ufe0f | 30 GODINA VA\u0160EG POVERENJA\",\"isPartOf\":{\"@id\":\"https:\\\/\\\/www.proffis.rs\\\/#website\"},\"primaryImageOfPage\":{\"@id\":\"https:\\\/\\\/www.proffis.rs\\\/istanbul-2025\\\/#primaryimage\"},\"image\":{\"@id\":\"https:\\\/\\\/www.proffis.rs\\\/istanbul-2025\\\/#primaryimage\"},\"thumbnailUrl\":\"https:\\\/\\\/media.proffis.rs\\\/2025\\\/11\\\/istanbul-5202424_1280.jpg\",\"datePublished\":\"2025-11-28T14:11:26+00:00\",\"dateModified\":\"2026-04-01T12:12:35+00:00\",\"description\":\"Istanbul nije glavni grad Turske ali je najve\u0107i i predstavlja njen kulturni,istorijski i ekonomski centar.\",\"breadcrumb\":{\"@id\":\"https:\\\/\\\/www.proffis.rs\\\/istanbul-2025\\\/#breadcrumb\"},\"inLanguage\":\"hu\",\"potentialAction\":[{\"@type\":\"ReadAction\",\"target\":[\"https:\\\/\\\/www.proffis.rs\\\/istanbul-2025\\\/\"]}]},{\"@type\":\"ImageObject\",\"inLanguage\":\"hu\",\"@id\":\"https:\\\/\\\/www.proffis.rs\\\/istanbul-2025\\\/#primaryimage\",\"url\":\"https:\\\/\\\/media.proffis.rs\\\/2025\\\/11\\\/istanbul-5202424_1280.jpg\",\"contentUrl\":\"https:\\\/\\\/media.proffis.rs\\\/2025\\\/11\\\/istanbul-5202424_1280.jpg\",\"width\":1280,\"height\":853},{\"@type\":\"BreadcrumbList\",\"@id\":\"https:\\\/\\\/www.proffis.rs\\\/istanbul-2025\\\/#breadcrumb\",\"itemListElement\":[{\"@type\":\"ListItem\",\"position\":1,\"name\":\"Home\",\"item\":\"https:\\\/\\\/www.proffis.rs\\\/\"},{\"@type\":\"ListItem\",\"position\":2,\"name\":\"ISTANBUL 2026. \u2708\ufe0f\"}]},{\"@type\":\"WebSite\",\"@id\":\"https:\\\/\\\/www.proffis.rs\\\/#website\",\"url\":\"https:\\\/\\\/www.proffis.rs\\\/\",\"name\":\"Proffis\",\"description\":\"Proffis Turisti\u010dka agencija Subotica\",\"publisher\":{\"@id\":\"https:\\\/\\\/www.proffis.rs\\\/#organization\"},\"alternateName\":\"Turisti\u010dka agencija Proffis SUBOTICA\",\"potentialAction\":[{\"@type\":\"SearchAction\",\"target\":{\"@type\":\"EntryPoint\",\"urlTemplate\":\"https:\\\/\\\/www.proffis.rs\\\/?s={search_term_string}\"},\"query-input\":{\"@type\":\"PropertyValueSpecification\",\"valueRequired\":true,\"valueName\":\"search_term_string\"}}],\"inLanguage\":\"hu\"},{\"@type\":\"Organization\",\"@id\":\"https:\\\/\\\/www.proffis.rs\\\/#organization\",\"name\":\"Proffis\",\"url\":\"https:\\\/\\\/www.proffis.rs\\\/\",\"logo\":{\"@type\":\"ImageObject\",\"inLanguage\":\"hu\",\"@id\":\"https:\\\/\\\/www.proffis.rs\\\/#\\\/schema\\\/logo\\\/image\\\/\",\"url\":\"https:\\\/\\\/media.proffis.rs\\\/2023\\\/12\\\/proffis2-removebg.png\",\"contentUrl\":\"https:\\\/\\\/media.proffis.rs\\\/2023\\\/12\\\/proffis2-removebg.png\",\"width\":806,\"height\":310,\"caption\":\"Proffis\"},\"image\":{\"@id\":\"https:\\\/\\\/www.proffis.rs\\\/#\\\/schema\\\/logo\\\/image\\\/\"},\"sameAs\":[\"https:\\\/\\\/www.facebook.com\\\/PROFFISSUBOTICA\"]},{\"@type\":\"Person\",\"@id\":\"https:\\\/\\\/www.proffis.rs\\\/#\\\/schema\\\/person\\\/fe57c4522d3b4818d642b3ed8102078e\",\"name\":\"Proffis\",\"image\":{\"@type\":\"ImageObject\",\"inLanguage\":\"hu\",\"@id\":\"https:\\\/\\\/secure.gravatar.com\\\/avatar\\\/d419edbf9f77b6fee9a6205d5570c707c9bcaec37e05e97ccec9d81b646420cf?s=96&d=mm&r=g\",\"url\":\"https:\\\/\\\/secure.gravatar.com\\\/avatar\\\/d419edbf9f77b6fee9a6205d5570c707c9bcaec37e05e97ccec9d81b646420cf?s=96&d=mm&r=g\",\"contentUrl\":\"https:\\\/\\\/secure.gravatar.com\\\/avatar\\\/d419edbf9f77b6fee9a6205d5570c707c9bcaec37e05e97ccec9d81b646420cf?s=96&d=mm&r=g\",\"caption\":\"Proffis\"},\"url\":\"https:\\\/\\\/www.proffis.rs\\\/hu\\\/author\\\/ceda\\\/\"}]}<\/script>\n<!-- \/ Yoast SEO plugin. -->","yoast_head_json":{"title":"ISTANBUL 2026. \u2708\ufe0f | 30 GODINA VA\u0160EG POVERENJA","description":"Istanbul nije glavni grad Turske ali je najve\u0107i i predstavlja njen kulturni,istorijski i ekonomski centar.","robots":{"index":"index","follow":"follow","max-snippet":"max-snippet:-1","max-image-preview":"max-image-preview:large","max-video-preview":"max-video-preview:-1"},"canonical":"https:\/\/www.proffis.rs\/hu\/istanbul-2025\/","og_locale":"hu_HU","og_type":"article","og_title":"ISTANBUL 2026. \u2708\ufe0f | 30 GODINA VA\u0160EG POVERENJA","og_description":"Istanbul nije glavni grad Turske ali je najve\u0107i i predstavlja njen kulturni,istorijski i ekonomski centar.","og_url":"https:\/\/www.proffis.rs\/hu\/istanbul-2025\/","og_site_name":"30 GODINA VA\u0160EG POVERENJA","article_publisher":"https:\/\/www.facebook.com\/PROFFISSUBOTICA","article_published_time":"2025-11-28T14:11:26+00:00","article_modified_time":"2026-04-01T12:12:35+00:00","og_image":[{"width":1280,"height":853,"url":"https:\/\/media.proffis.rs\/2025\/11\/istanbul-5202424_1280.jpg","type":"image\/jpeg"}],"author":"Proffis","twitter_card":"summary_large_image","twitter_misc":{"Szerz\u0151:":"Proffis","Becs\u00fclt olvas\u00e1si id\u0151":"4 perc"},"schema":{"@context":"https:\/\/schema.org","@graph":[{"@type":"Article","@id":"https:\/\/www.proffis.rs\/istanbul-2025\/#article","isPartOf":{"@id":"https:\/\/www.proffis.rs\/istanbul-2025\/"},"author":{"name":"Proffis","@id":"https:\/\/www.proffis.rs\/#\/schema\/person\/fe57c4522d3b4818d642b3ed8102078e"},"headline":"ISTANBUL 2026. \u2708\ufe0f","datePublished":"2025-11-28T14:11:26+00:00","dateModified":"2026-04-01T12:12:35+00:00","mainEntityOfPage":{"@id":"https:\/\/www.proffis.rs\/istanbul-2025\/"},"wordCount":1058,"publisher":{"@id":"https:\/\/www.proffis.rs\/#organization"},"image":{"@id":"https:\/\/www.proffis.rs\/istanbul-2025\/#primaryimage"},"thumbnailUrl":"https:\/\/media.proffis.rs\/2025\/11\/istanbul-5202424_1280.jpg","articleSection":["Gradovi Evrope","Turska"],"inLanguage":"hu"},{"@type":"WebPage","@id":"https:\/\/www.proffis.rs\/istanbul-2025\/","url":"https:\/\/www.proffis.rs\/istanbul-2025\/","name":"ISTANBUL 2026. \u2708\ufe0f | 30 GODINA VA\u0160EG POVERENJA","isPartOf":{"@id":"https:\/\/www.proffis.rs\/#website"},"primaryImageOfPage":{"@id":"https:\/\/www.proffis.rs\/istanbul-2025\/#primaryimage"},"image":{"@id":"https:\/\/www.proffis.rs\/istanbul-2025\/#primaryimage"},"thumbnailUrl":"https:\/\/media.proffis.rs\/2025\/11\/istanbul-5202424_1280.jpg","datePublished":"2025-11-28T14:11:26+00:00","dateModified":"2026-04-01T12:12:35+00:00","description":"Istanbul nije glavni grad Turske ali je najve\u0107i i predstavlja njen kulturni,istorijski i ekonomski centar.","breadcrumb":{"@id":"https:\/\/www.proffis.rs\/istanbul-2025\/#breadcrumb"},"inLanguage":"hu","potentialAction":[{"@type":"ReadAction","target":["https:\/\/www.proffis.rs\/istanbul-2025\/"]}]},{"@type":"ImageObject","inLanguage":"hu","@id":"https:\/\/www.proffis.rs\/istanbul-2025\/#primaryimage","url":"https:\/\/media.proffis.rs\/2025\/11\/istanbul-5202424_1280.jpg","contentUrl":"https:\/\/media.proffis.rs\/2025\/11\/istanbul-5202424_1280.jpg","width":1280,"height":853},{"@type":"BreadcrumbList","@id":"https:\/\/www.proffis.rs\/istanbul-2025\/#breadcrumb","itemListElement":[{"@type":"ListItem","position":1,"name":"Home","item":"https:\/\/www.proffis.rs\/"},{"@type":"ListItem","position":2,"name":"ISTANBUL 2026. \u2708\ufe0f"}]},{"@type":"WebSite","@id":"https:\/\/www.proffis.rs\/#website","url":"https:\/\/www.proffis.rs\/","name":"Proffis","description":"Proffis Turisti\u010dka agencija Subotica","publisher":{"@id":"https:\/\/www.proffis.rs\/#organization"},"alternateName":"Turisti\u010dka agencija Proffis SUBOTICA","potentialAction":[{"@type":"SearchAction","target":{"@type":"EntryPoint","urlTemplate":"https:\/\/www.proffis.rs\/?s={search_term_string}"},"query-input":{"@type":"PropertyValueSpecification","valueRequired":true,"valueName":"search_term_string"}}],"inLanguage":"hu"},{"@type":"Organization","@id":"https:\/\/www.proffis.rs\/#organization","name":"Proffis","url":"https:\/\/www.proffis.rs\/","logo":{"@type":"ImageObject","inLanguage":"hu","@id":"https:\/\/www.proffis.rs\/#\/schema\/logo\/image\/","url":"https:\/\/media.proffis.rs\/2023\/12\/proffis2-removebg.png","contentUrl":"https:\/\/media.proffis.rs\/2023\/12\/proffis2-removebg.png","width":806,"height":310,"caption":"Proffis"},"image":{"@id":"https:\/\/www.proffis.rs\/#\/schema\/logo\/image\/"},"sameAs":["https:\/\/www.facebook.com\/PROFFISSUBOTICA"]},{"@type":"Person","@id":"https:\/\/www.proffis.rs\/#\/schema\/person\/fe57c4522d3b4818d642b3ed8102078e","name":"Proffis","image":{"@type":"ImageObject","inLanguage":"hu","@id":"https:\/\/secure.gravatar.com\/avatar\/d419edbf9f77b6fee9a6205d5570c707c9bcaec37e05e97ccec9d81b646420cf?s=96&d=mm&r=g","url":"https:\/\/secure.gravatar.com\/avatar\/d419edbf9f77b6fee9a6205d5570c707c9bcaec37e05e97ccec9d81b646420cf?s=96&d=mm&r=g","contentUrl":"https:\/\/secure.gravatar.com\/avatar\/d419edbf9f77b6fee9a6205d5570c707c9bcaec37e05e97ccec9d81b646420cf?s=96&d=mm&r=g","caption":"Proffis"},"url":"https:\/\/www.proffis.rs\/hu\/author\/ceda\/"}]}},"_links":{"self":[{"href":"https:\/\/www.proffis.rs\/hu\/wp-json\/wp\/v2\/posts\/346892","targetHints":{"allow":["GET"]}}],"collection":[{"href":"https:\/\/www.proffis.rs\/hu\/wp-json\/wp\/v2\/posts"}],"about":[{"href":"https:\/\/www.proffis.rs\/hu\/wp-json\/wp\/v2\/types\/post"}],"author":[{"embeddable":true,"href":"https:\/\/www.proffis.rs\/hu\/wp-json\/wp\/v2\/users\/2"}],"replies":[{"embeddable":true,"href":"https:\/\/www.proffis.rs\/hu\/wp-json\/wp\/v2\/comments?post=346892"}],"version-history":[{"count":8,"href":"https:\/\/www.proffis.rs\/hu\/wp-json\/wp\/v2\/posts\/346892\/revisions"}],"predecessor-version":[{"id":347132,"href":"https:\/\/www.proffis.rs\/hu\/wp-json\/wp\/v2\/posts\/346892\/revisions\/347132"}],"wp:featuredmedia":[{"embeddable":true,"href":"https:\/\/www.proffis.rs\/hu\/wp-json\/wp\/v2\/media\/346881"}],"wp:attachment":[{"href":"https:\/\/www.proffis.rs\/hu\/wp-json\/wp\/v2\/media?parent=346892"}],"wp:term":[{"taxonomy":"category","embeddable":true,"href":"https:\/\/www.proffis.rs\/hu\/wp-json\/wp\/v2\/categories?post=346892"},{"taxonomy":"post_tag","embeddable":true,"href":"https:\/\/www.proffis.rs\/hu\/wp-json\/wp\/v2\/tags?post=346892"}],"curies":[{"name":"wp","href":"https:\/\/api.w.org\/{rel}","templated":true}]}}