{"id":346594,"date":"2025-11-17T16:59:25","date_gmt":"2025-11-17T16:59:25","guid":{"rendered":"https:\/\/www.proffis.rs\/?p=346594"},"modified":"2025-11-17T17:01:01","modified_gmt":"2025-11-17T17:01:01","slug":"andaluzija-2026","status":"publish","type":"post","link":"https:\/\/www.proffis.rs\/hu\/andaluzija-2026\/","title":{"rendered":"ANDALUZIJA 2026. \u2708\ufe0f"},"content":{"rendered":"<p>[et_pb_section fb_built=&#8220;1&#8243; admin_label=&#8220;section&#8220; _builder_version=&#8220;4.23.1&#8243; global_colors_info=&#8220;{}&#8220;][et_pb_row admin_label=&#8220;row&#8220; _builder_version=&#8220;4.16&#8243; background_size=&#8220;initial&#8220; background_position=&#8220;top_left&#8220; background_repeat=&#8220;repeat&#8220; global_colors_info=&#8220;{}&#8220;][et_pb_column type=&#8220;4_4&#8243; _builder_version=&#8220;4.16&#8243; custom_padding=&#8220;|||&#8220; global_colors_info=&#8220;{}&#8220; custom_padding__hover=&#8220;|||&#8220;][et_pb_text _builder_version=&#8220;4.23.1&#8243; global_colors_info=&#8220;{}&#8220;]<\/p>\n<h1 style=\"text-align: center;\"><strong>ANDALUZIJA 2026.<\/strong><\/h1>\n<h3 style=\"text-align: center;\">5 dana avionom<\/h3>\n<p><em><strong>Andaluzija<\/strong><\/em>, najju\u017enija i najve\u0107a \u0161panska regija, sa oko 8 miliona stanovnika i 87.268 km2 povr\u0161ine, prostranija je i mnogoljudnija od polovine evropskih zemalja. Svojim nepreglednim pla\u017eama, mirisom narand\u017ei, zvukom strasnog flamenka, ukusom tapasa i nesvakida\u0161njom kulturnom zaostav\u0161tinom od goti\u010dkih katedrala, mavarskih palata, rodne ku\u0107e Pabla Pikasa, razbacanih belih sela koja su netaknuta vremenom ne\u0107e vas ostaviti ravnodu\u0161nima. Zemlja zapanjuju\u0107eg kontrasta, \u0161armantna i ponosna, temperamentna i setna, prizva\u0107e vas da joj se ponovo vratite\u2026<\/p>\n<p>[\/et_pb_text][et_pb_nextend_smart_slider_3 _builder_version=&#8220;4.23.1&#8243; _module_preset=&#8220;default&#8220; slider=&#8220;434&#8243; hover_enabled=&#8220;0&#8243; sticky_enabled=&#8220;0&#8243;][\/et_pb_nextend_smart_slider_3][\/et_pb_column][\/et_pb_row][et_pb_row _builder_version=&#8220;4.16&#8243; global_colors_info=&#8220;{}&#8220;][et_pb_column type=&#8220;4_4&#8243; _builder_version=&#8220;4.16&#8243; global_colors_info=&#8220;{}&#8220;][et_pb_text _builder_version=&#8220;4.23.1&#8243; _module_preset=&#8220;default&#8220; global_colors_info=&#8220;{}&#8220;]<\/p>\n<h3>Prodaja u svojstvu subagenta<\/h3>\n<p>[\/et_pb_text][et_pb_text _builder_version=&#8220;4.23.1&#8243; _module_preset=&#8220;default&#8220; global_colors_info=&#8220;{}&#8220;]<\/p>\n<p><strong>PROGRAM PUTOVANJA: <\/strong><br \/>\n<strong>1.dan: BEOGRAD \u2013 MALAGA<\/strong><br \/>\nSastanak putnika na aerodromu Nikola Tesla, dva sata pre predvi\u0111enog vremena poletanja aviona. Let kompanijom Air Serbia JU 576 u 07.45h, sletanje u Malagu u 11.25h (lokalna vremena prema objavljenoj satnici avio kompanije). Transfer do centra grada i razgledanje Malage u pratnji vodi\u010da. Ovaj andaluzijski grad na obali Mediterana, jedan je od najstarijih gradova na svetu, osnovan u VIII veku od strane Feni\u010dana. Grad koji odi\u0161e istorijom i kulturom sa svojom Alkazabom \u2013 jednom od najve\u0107ih arapskih tvr\u0111ava u Andaluziji, zamkom Gibralfaro sa kojeg se pru\u017ea najbolji pogled na ceo grad, rodnom ku\u0107om i muzejom Pabla Pikasa koji se rodio u ovom \u0161armantnom gradu vas nikako ne\u0107e ostaviti ravnodu\u0161nim. Nakon kra\u0107eg obilaska grada, slobodno vreme do polaska u Toremolinos. Transfer i sme\u0161taj u hotel oko 18 h. Slobodno vreme za individualne aktivnosti. NO\u0106ENJE.<br \/>\n<strong>2.dan: TOREMOLINOS \/Fakultativno GRANADA i ALHAMBRA\/<\/strong><br \/>\nDoru\u010dak. Slobodan dan za individualno razgledanje grada ili fakultativni celodnevni izlet autobusom za Granadu. Vo\u017enja autobusom do jednog od najlep\u0161ih gradova \u0160panije koji se nalazi u podno\u017eju planine Sijera Nevade. Odlazak u kra\u0107u \u0161etnju istorijskim centrom grada i upoznavanje sa istorijom i arhitekturom grada. Najstariji deo grada sme\u0161ten je na brdu Albasin koje je jedno od najve\u0107ih arapskih naselja u Evropi, bele mavarske ku\u0107e sa prepoznatljivim re\u0161etkama na svojim prozorima, drvene kapije i kaldrmisane ulice deo su \u0161arma ovog grada. Po zavr\u0161etku \u0161etnje slobodno vreme za individualno razgledanje grada ili fakultativna poseta Alhambri \u2013 poslednjoj i najlep\u0161oj palati izgra\u0111enoj u \u0160paniji tokom sedam vekova mavarske vladavine. Ova romanti\u010dna i jedna od najve\u0107ih turisti\u010dkih atrakcija \u0160panije, nalazi se na vrhu brda al-Sabiko, ispred naselja Albaicin i Alkazaba. \u0160etnja kroz veli\u010danstvene vrtove vrati\u0107e vas u neka davna vremena. Povratak u hotel. NO\u0106ENJE.<br \/>\n<strong>3. dan: TOREMOLINOS \/ Fakultativno SEVILJA \/<\/strong><br \/>\nDORU\u010cAK. Slobodan dan za individualno razgledanje grada ili fakultativni celodnevni izlet autobusom za Sevilju. Glavni kulturni centar \u0160panije koji je \u010duven po koridi, Seviljskom berberinu, najboljim tapasima, Don \u017duanu, kao i rasko\u0161noj mavarskoj arhitekturi. Kra\u0107a \u0161etnja istorijskim delom grada u pratnji vodi\u010da. Seviljska katedrala, izgra\u0111ena u goti\u010dkom stilu, tre\u0107a je po veli\u010dini katedrala u svetu i u njoj se nalazi grob Kristofera Kolumba. Ova katedrala koja danas predstavlja simbol grada, nekada je bila d\u017eamija i najprepoznatljivija je po svom zvoniku La Giralda nekada\u0161njem minaretu. Nasuprot katedrale nalazi se rasko\u0161na palata Alkazar &#8211; prva evropska kraljevska rezidencija sa rasko\u0161nim palatama i vrtovima. Zlatni toranj nalazi se pored reke Gvadalkivir i nekada je bio osmatra\u010dnica i odbrambena gradjevina. Park Marije Luize predstavlja glavnu gradsku zelenu povr\u0161inu sa fontanama, jezerom, mostovima i klupama ukra\u0161enim azulejo plo\u010dicama. Najspektakularniji deo parka je svakako (Plaza de Espana), trg koji svojom lepotom oduzima dah i jedan je od najlep\u0161ih parkova u celoj zemlji. Zbog svoje rasko\u0161i i lepote trg je svoje mesto na\u0161ao i u nekoliko holivudskih filmova, kao sto su Lorens od Arabije i Ratovi zvezda. Po zavr\u0161etku obilaska, slobodno vreme. Povratak u hotel. NO\u0106ENJE.<br \/>\n<strong>4. dan: TOREMOLINOS \/ Fakultativno SETENIL DE LAS BODEGAS I RONDA \/<\/strong><br \/>\nDORU\u010cAK. Slobodan dan za individualno razgledanje grada ili celodnevni fakultativni izlet za Setenil de las Bodegas, najjedinstvenije od svih belih sela Andaluzije u \u0160paniji. Ovo prelepo selo se nalazi duboko u kanjonu, okru\u017eeno poljima maslina. Njegovu posebnu dra\u017e \u010dine bele ku\u0107ice sagra\u0111ene u steni, kao i ispod nje, uske ulice, pe\u0107inski restorani koji se ubrajaju me\u0111u najboljima u regionu. Posle kratkog obilaska ovog jedinstvenog sela na\u0161e putovanje nastavljamo do Ronde, jo\u0161 jednog dragulja Andaluzije. Ronda je grad na vrhu planine u \u0161panskoj provinciji Malaga koji se dramati\u010dno nalazi iznad duboke klisure i mostom Puente Nuevo odvaja novi grad od starog grada koji datira iz mavarske vladavine. Kra\u0107a \u0161etnja gradom koji \u0107e vas o\u010darati svojim uskim ulicama, ku\u0107ama na ivici kanjona, jednom od najstarijih i najve\u0107ih arena za borbu sa bikovima u \u0160paniji (Plaza de Toros) koja je izazvala interesovanje i \u010duvenog Ernesta Hemingveja. Slobodno vreme. Povratak u hotel. NO\u0106ENJE.<br \/>\n<strong>5. dan: TOREMOLINOS \/ Fakultativno MARBELJA \/ &#8211; BEOGRAD<\/strong><br \/>\nDORU\u010cAK. Odjava iz hotela. Slobodno vreme do transfera na aerodrom ili poludnevni fakultativni izlet za Marbelju, nekada \u0161armantni mali ribarski gradi\u0107, a danas mondensko letovali\u0161te u oblasti Costa del Sol (Obala sunca). Marbelja tek u 20. veku, sa dolaskom d\u017eet seta postaje me\u0111unarodna prestonica glamura i mesto na kome letuju poznate li\u010dnosti. \u0160etnja do luke Puerto Banus, koja je postala dom nekih on najluksuznijih jahti, upoznavanje sa starim i novim delom grada koji odi\u0161u svojim \u0161armom. Po zavr\u0161etku obilaska, povratak u hotel i transfer na aerodrom. Poletanje aviona JU 579 za Beograd u 17.45h. O\u010dekivano vreme sletanja na aerodrom Nikola Tesla oko 21.00h. (lokalna vremena prema objavljenoj satnici avio kompanije) Kraj programa.<\/p>\n<p>[\/et_pb_text][et_pb_image src=&#8220;https:\/\/media.proffis.rs\/2025\/11\/andaluzija-cenovnik-2026.png&#8220; title_text=&#8220;andaluzija cenovnik 2026&#8243; _builder_version=&#8220;4.23.1&#8243; _module_preset=&#8220;default&#8220; global_colors_info=&#8220;{}&#8220;][\/et_pb_image][et_pb_text _builder_version=&#8220;4.23.1&#8243; _module_preset=&#8220;default&#8220; global_colors_info=&#8220;{}&#8220;]<\/p>\n<p>Subagent prodaje turisti\u010dkog putovanja u ime i za ra\u010dun organizatora putovanja pod istim uslovima kao i organizator putovanja.<br \/>\nOrganizator putovanja ARGUS TOURS, Licenca OTP 89\/2021 kategorije A<br \/>\nZa ovo putovanje va\u017ee op\u0161ti uslovi putovanja T. A. ARGUS TOURS.<\/p>\n<p>[\/et_pb_text][\/et_pb_column][\/et_pb_row][et_pb_row column_structure=&#8220;1_3,1_3,1_3&#8243; _builder_version=&#8220;4.16&#8243; global_colors_info=&#8220;{}&#8220;][et_pb_column type=&#8220;1_3&#8243; _builder_version=&#8220;4.16&#8243; global_colors_info=&#8220;{}&#8220;][et_pb_button button_url=&#8220;https:\/\/media.proffis.rs\/2025\/11\/andaluzija-2026-cenovnik-br-1-od-14-novembra-2025_14964.pdf&#8220; url_new_window=&#8220;on&#8220; button_text=&#8220;PREUZMI PROGRAM&#8220; _builder_version=&#8220;4.23.1&#8243; global_colors_info=&#8220;{}&#8220;][\/et_pb_button][\/et_pb_column][et_pb_column type=&#8220;1_3&#8243; _builder_version=&#8220;4.16&#8243; global_colors_info=&#8220;{}&#8220;][\/et_pb_column][et_pb_column type=&#8220;1_3&#8243; _builder_version=&#8220;4.16&#8243; global_colors_info=&#8220;{}&#8220;][et_pb_button button_url=&#8220;mailto:info@proffis.rs&#8220; url_new_window=&#8220;on&#8220; button_text=&#8220;ONLINE UPIT&#8220; button_alignment=&#8220;right&#8220; _builder_version=&#8220;4.16&#8243; global_colors_info=&#8220;{}&#8220;][\/et_pb_button][\/et_pb_column][\/et_pb_row][et_pb_row _builder_version=&#8220;4.16&#8243; global_colors_info=&#8220;{}&#8220;][et_pb_column type=&#8220;4_4&#8243; _builder_version=&#8220;4.16&#8243; global_colors_info=&#8220;{}&#8220;][\/et_pb_column][\/et_pb_row][\/et_pb_section]<\/p>\n","protected":false},"excerpt":{"rendered":"<p>ANDALUZIJA 2026. 5 dana avionom Andaluzija, najju\u017enija i najve\u0107a \u0161panska regija, sa oko 8 miliona stanovnika i 87.268 km2 povr\u0161ine, prostranija je i mnogoljudnija od polovine evropskih zemalja. Svojim nepreglednim pla\u017eama, mirisom narand\u017ei, zvukom strasnog flamenka, ukusom tapasa i nesvakida\u0161njom kulturnom zaostav\u0161tinom od goti\u010dkih katedrala, mavarskih palata, rodne ku\u0107e Pabla Pikasa, razbacanih belih sela koja [&hellip;]<\/p>\n","protected":false},"author":2,"featured_media":346600,"comment_status":"closed","ping_status":"closed","sticky":false,"template":"","format":"standard","meta":{"_et_pb_use_builder":"on","_et_pb_old_content":"","_et_gb_content_width":"","footnotes":""},"categories":[32,68],"tags":[],"class_list":["post-346594","post","type-post","status-publish","format-standard","has-post-thumbnail","hentry","category-gradovi-evrope","category-spanija"],"yoast_head":"<!-- This site is optimized with the Yoast SEO plugin v27.3 - https:\/\/yoast.com\/product\/yoast-seo-wordpress\/ -->\n<title>ANDALUZIJA 2026. \u2708\ufe0f | 30 GODINA VA\u0160EG POVERENJA<\/title>\n<meta name=\"description\" content=\"Andaluzija, najju\u017enija i najve\u0107a \u0161panska regija, prostranija je i mnogoljudnija od polovine evropskih zemalja.\" \/>\n<meta name=\"robots\" content=\"index, follow, max-snippet:-1, max-image-preview:large, max-video-preview:-1\" \/>\n<link rel=\"canonical\" href=\"https:\/\/www.proffis.rs\/hu\/andaluzija-2026\/\" \/>\n<meta property=\"og:locale\" content=\"hu_HU\" \/>\n<meta property=\"og:type\" content=\"article\" \/>\n<meta property=\"og:title\" content=\"ANDALUZIJA 2026. \u2708\ufe0f | 30 GODINA VA\u0160EG POVERENJA\" \/>\n<meta property=\"og:description\" content=\"Andaluzija, najju\u017enija i najve\u0107a \u0161panska regija, prostranija je i mnogoljudnija od polovine evropskih zemalja.\" \/>\n<meta property=\"og:url\" content=\"https:\/\/www.proffis.rs\/hu\/andaluzija-2026\/\" \/>\n<meta property=\"og:site_name\" content=\"30 GODINA VA\u0160EG POVERENJA\" \/>\n<meta property=\"article:publisher\" content=\"https:\/\/www.facebook.com\/PROFFISSUBOTICA\" \/>\n<meta property=\"article:published_time\" content=\"2025-11-17T16:59:25+00:00\" \/>\n<meta property=\"article:modified_time\" content=\"2025-11-17T17:01:01+00:00\" \/>\n<meta property=\"og:image\" content=\"https:\/\/media.proffis.rs\/2025\/11\/andaluzija-5.jpg\" \/>\n\t<meta property=\"og:image:width\" content=\"1280\" \/>\n\t<meta property=\"og:image:height\" content=\"853\" \/>\n\t<meta property=\"og:image:type\" content=\"image\/jpeg\" \/>\n<meta name=\"author\" content=\"Proffis\" \/>\n<meta name=\"twitter:card\" content=\"summary_large_image\" \/>\n<meta name=\"twitter:label1\" content=\"Szerz\u0151:\" \/>\n\t<meta name=\"twitter:data1\" content=\"Proffis\" \/>\n\t<meta name=\"twitter:label2\" content=\"Becs\u00fclt olvas\u00e1si id\u0151\" \/>\n\t<meta name=\"twitter:data2\" content=\"5 perc\" \/>\n<script type=\"application\/ld+json\" class=\"yoast-schema-graph\">{\"@context\":\"https:\\\/\\\/schema.org\",\"@graph\":[{\"@type\":\"Article\",\"@id\":\"https:\\\/\\\/www.proffis.rs\\\/andaluzija-2026\\\/#article\",\"isPartOf\":{\"@id\":\"https:\\\/\\\/www.proffis.rs\\\/andaluzija-2026\\\/\"},\"author\":{\"name\":\"Proffis\",\"@id\":\"https:\\\/\\\/www.proffis.rs\\\/#\\\/schema\\\/person\\\/fe57c4522d3b4818d642b3ed8102078e\"},\"headline\":\"ANDALUZIJA 2026. \u2708\ufe0f\",\"datePublished\":\"2025-11-17T16:59:25+00:00\",\"dateModified\":\"2025-11-17T17:01:01+00:00\",\"mainEntityOfPage\":{\"@id\":\"https:\\\/\\\/www.proffis.rs\\\/andaluzija-2026\\\/\"},\"wordCount\":1261,\"publisher\":{\"@id\":\"https:\\\/\\\/www.proffis.rs\\\/#organization\"},\"image\":{\"@id\":\"https:\\\/\\\/www.proffis.rs\\\/andaluzija-2026\\\/#primaryimage\"},\"thumbnailUrl\":\"https:\\\/\\\/media.proffis.rs\\\/2025\\\/11\\\/andaluzija-5.jpg\",\"articleSection\":[\"Gradovi Evrope\",\"\u0160PANIJA\"],\"inLanguage\":\"hu\"},{\"@type\":\"WebPage\",\"@id\":\"https:\\\/\\\/www.proffis.rs\\\/andaluzija-2026\\\/\",\"url\":\"https:\\\/\\\/www.proffis.rs\\\/andaluzija-2026\\\/\",\"name\":\"ANDALUZIJA 2026. \u2708\ufe0f | 30 GODINA VA\u0160EG POVERENJA\",\"isPartOf\":{\"@id\":\"https:\\\/\\\/www.proffis.rs\\\/#website\"},\"primaryImageOfPage\":{\"@id\":\"https:\\\/\\\/www.proffis.rs\\\/andaluzija-2026\\\/#primaryimage\"},\"image\":{\"@id\":\"https:\\\/\\\/www.proffis.rs\\\/andaluzija-2026\\\/#primaryimage\"},\"thumbnailUrl\":\"https:\\\/\\\/media.proffis.rs\\\/2025\\\/11\\\/andaluzija-5.jpg\",\"datePublished\":\"2025-11-17T16:59:25+00:00\",\"dateModified\":\"2025-11-17T17:01:01+00:00\",\"description\":\"Andaluzija, najju\u017enija i najve\u0107a \u0161panska regija, prostranija je i mnogoljudnija od polovine evropskih zemalja.\",\"breadcrumb\":{\"@id\":\"https:\\\/\\\/www.proffis.rs\\\/andaluzija-2026\\\/#breadcrumb\"},\"inLanguage\":\"hu\",\"potentialAction\":[{\"@type\":\"ReadAction\",\"target\":[\"https:\\\/\\\/www.proffis.rs\\\/andaluzija-2026\\\/\"]}]},{\"@type\":\"ImageObject\",\"inLanguage\":\"hu\",\"@id\":\"https:\\\/\\\/www.proffis.rs\\\/andaluzija-2026\\\/#primaryimage\",\"url\":\"https:\\\/\\\/media.proffis.rs\\\/2025\\\/11\\\/andaluzija-5.jpg\",\"contentUrl\":\"https:\\\/\\\/media.proffis.rs\\\/2025\\\/11\\\/andaluzija-5.jpg\",\"width\":1280,\"height\":853},{\"@type\":\"BreadcrumbList\",\"@id\":\"https:\\\/\\\/www.proffis.rs\\\/andaluzija-2026\\\/#breadcrumb\",\"itemListElement\":[{\"@type\":\"ListItem\",\"position\":1,\"name\":\"Home\",\"item\":\"https:\\\/\\\/www.proffis.rs\\\/\"},{\"@type\":\"ListItem\",\"position\":2,\"name\":\"ANDALUZIJA 2026. \u2708\ufe0f\"}]},{\"@type\":\"WebSite\",\"@id\":\"https:\\\/\\\/www.proffis.rs\\\/#website\",\"url\":\"https:\\\/\\\/www.proffis.rs\\\/\",\"name\":\"Proffis\",\"description\":\"Proffis Turisti\u010dka agencija Subotica\",\"publisher\":{\"@id\":\"https:\\\/\\\/www.proffis.rs\\\/#organization\"},\"alternateName\":\"Turisti\u010dka agencija Proffis SUBOTICA\",\"potentialAction\":[{\"@type\":\"SearchAction\",\"target\":{\"@type\":\"EntryPoint\",\"urlTemplate\":\"https:\\\/\\\/www.proffis.rs\\\/?s={search_term_string}\"},\"query-input\":{\"@type\":\"PropertyValueSpecification\",\"valueRequired\":true,\"valueName\":\"search_term_string\"}}],\"inLanguage\":\"hu\"},{\"@type\":\"Organization\",\"@id\":\"https:\\\/\\\/www.proffis.rs\\\/#organization\",\"name\":\"Proffis\",\"url\":\"https:\\\/\\\/www.proffis.rs\\\/\",\"logo\":{\"@type\":\"ImageObject\",\"inLanguage\":\"hu\",\"@id\":\"https:\\\/\\\/www.proffis.rs\\\/#\\\/schema\\\/logo\\\/image\\\/\",\"url\":\"https:\\\/\\\/media.proffis.rs\\\/2023\\\/12\\\/proffis2-removebg.png\",\"contentUrl\":\"https:\\\/\\\/media.proffis.rs\\\/2023\\\/12\\\/proffis2-removebg.png\",\"width\":806,\"height\":310,\"caption\":\"Proffis\"},\"image\":{\"@id\":\"https:\\\/\\\/www.proffis.rs\\\/#\\\/schema\\\/logo\\\/image\\\/\"},\"sameAs\":[\"https:\\\/\\\/www.facebook.com\\\/PROFFISSUBOTICA\"]},{\"@type\":\"Person\",\"@id\":\"https:\\\/\\\/www.proffis.rs\\\/#\\\/schema\\\/person\\\/fe57c4522d3b4818d642b3ed8102078e\",\"name\":\"Proffis\",\"image\":{\"@type\":\"ImageObject\",\"inLanguage\":\"hu\",\"@id\":\"https:\\\/\\\/secure.gravatar.com\\\/avatar\\\/d419edbf9f77b6fee9a6205d5570c707c9bcaec37e05e97ccec9d81b646420cf?s=96&d=mm&r=g\",\"url\":\"https:\\\/\\\/secure.gravatar.com\\\/avatar\\\/d419edbf9f77b6fee9a6205d5570c707c9bcaec37e05e97ccec9d81b646420cf?s=96&d=mm&r=g\",\"contentUrl\":\"https:\\\/\\\/secure.gravatar.com\\\/avatar\\\/d419edbf9f77b6fee9a6205d5570c707c9bcaec37e05e97ccec9d81b646420cf?s=96&d=mm&r=g\",\"caption\":\"Proffis\"},\"url\":\"https:\\\/\\\/www.proffis.rs\\\/hu\\\/author\\\/ceda\\\/\"}]}<\/script>\n<!-- \/ Yoast SEO plugin. -->","yoast_head_json":{"title":"ANDALUZIJA 2026. \u2708\ufe0f | 30 GODINA VA\u0160EG POVERENJA","description":"Andaluzija, najju\u017enija i najve\u0107a \u0161panska regija, prostranija je i mnogoljudnija od polovine evropskih zemalja.","robots":{"index":"index","follow":"follow","max-snippet":"max-snippet:-1","max-image-preview":"max-image-preview:large","max-video-preview":"max-video-preview:-1"},"canonical":"https:\/\/www.proffis.rs\/hu\/andaluzija-2026\/","og_locale":"hu_HU","og_type":"article","og_title":"ANDALUZIJA 2026. \u2708\ufe0f | 30 GODINA VA\u0160EG POVERENJA","og_description":"Andaluzija, najju\u017enija i najve\u0107a \u0161panska regija, prostranija je i mnogoljudnija od polovine evropskih zemalja.","og_url":"https:\/\/www.proffis.rs\/hu\/andaluzija-2026\/","og_site_name":"30 GODINA VA\u0160EG POVERENJA","article_publisher":"https:\/\/www.facebook.com\/PROFFISSUBOTICA","article_published_time":"2025-11-17T16:59:25+00:00","article_modified_time":"2025-11-17T17:01:01+00:00","og_image":[{"width":1280,"height":853,"url":"https:\/\/media.proffis.rs\/2025\/11\/andaluzija-5.jpg","type":"image\/jpeg"}],"author":"Proffis","twitter_card":"summary_large_image","twitter_misc":{"Szerz\u0151:":"Proffis","Becs\u00fclt olvas\u00e1si id\u0151":"5 perc"},"schema":{"@context":"https:\/\/schema.org","@graph":[{"@type":"Article","@id":"https:\/\/www.proffis.rs\/andaluzija-2026\/#article","isPartOf":{"@id":"https:\/\/www.proffis.rs\/andaluzija-2026\/"},"author":{"name":"Proffis","@id":"https:\/\/www.proffis.rs\/#\/schema\/person\/fe57c4522d3b4818d642b3ed8102078e"},"headline":"ANDALUZIJA 2026. \u2708\ufe0f","datePublished":"2025-11-17T16:59:25+00:00","dateModified":"2025-11-17T17:01:01+00:00","mainEntityOfPage":{"@id":"https:\/\/www.proffis.rs\/andaluzija-2026\/"},"wordCount":1261,"publisher":{"@id":"https:\/\/www.proffis.rs\/#organization"},"image":{"@id":"https:\/\/www.proffis.rs\/andaluzija-2026\/#primaryimage"},"thumbnailUrl":"https:\/\/media.proffis.rs\/2025\/11\/andaluzija-5.jpg","articleSection":["Gradovi Evrope","\u0160PANIJA"],"inLanguage":"hu"},{"@type":"WebPage","@id":"https:\/\/www.proffis.rs\/andaluzija-2026\/","url":"https:\/\/www.proffis.rs\/andaluzija-2026\/","name":"ANDALUZIJA 2026. \u2708\ufe0f | 30 GODINA VA\u0160EG POVERENJA","isPartOf":{"@id":"https:\/\/www.proffis.rs\/#website"},"primaryImageOfPage":{"@id":"https:\/\/www.proffis.rs\/andaluzija-2026\/#primaryimage"},"image":{"@id":"https:\/\/www.proffis.rs\/andaluzija-2026\/#primaryimage"},"thumbnailUrl":"https:\/\/media.proffis.rs\/2025\/11\/andaluzija-5.jpg","datePublished":"2025-11-17T16:59:25+00:00","dateModified":"2025-11-17T17:01:01+00:00","description":"Andaluzija, najju\u017enija i najve\u0107a \u0161panska regija, prostranija je i mnogoljudnija od polovine evropskih zemalja.","breadcrumb":{"@id":"https:\/\/www.proffis.rs\/andaluzija-2026\/#breadcrumb"},"inLanguage":"hu","potentialAction":[{"@type":"ReadAction","target":["https:\/\/www.proffis.rs\/andaluzija-2026\/"]}]},{"@type":"ImageObject","inLanguage":"hu","@id":"https:\/\/www.proffis.rs\/andaluzija-2026\/#primaryimage","url":"https:\/\/media.proffis.rs\/2025\/11\/andaluzija-5.jpg","contentUrl":"https:\/\/media.proffis.rs\/2025\/11\/andaluzija-5.jpg","width":1280,"height":853},{"@type":"BreadcrumbList","@id":"https:\/\/www.proffis.rs\/andaluzija-2026\/#breadcrumb","itemListElement":[{"@type":"ListItem","position":1,"name":"Home","item":"https:\/\/www.proffis.rs\/"},{"@type":"ListItem","position":2,"name":"ANDALUZIJA 2026. \u2708\ufe0f"}]},{"@type":"WebSite","@id":"https:\/\/www.proffis.rs\/#website","url":"https:\/\/www.proffis.rs\/","name":"Proffis","description":"Proffis Turisti\u010dka agencija Subotica","publisher":{"@id":"https:\/\/www.proffis.rs\/#organization"},"alternateName":"Turisti\u010dka agencija Proffis SUBOTICA","potentialAction":[{"@type":"SearchAction","target":{"@type":"EntryPoint","urlTemplate":"https:\/\/www.proffis.rs\/?s={search_term_string}"},"query-input":{"@type":"PropertyValueSpecification","valueRequired":true,"valueName":"search_term_string"}}],"inLanguage":"hu"},{"@type":"Organization","@id":"https:\/\/www.proffis.rs\/#organization","name":"Proffis","url":"https:\/\/www.proffis.rs\/","logo":{"@type":"ImageObject","inLanguage":"hu","@id":"https:\/\/www.proffis.rs\/#\/schema\/logo\/image\/","url":"https:\/\/media.proffis.rs\/2023\/12\/proffis2-removebg.png","contentUrl":"https:\/\/media.proffis.rs\/2023\/12\/proffis2-removebg.png","width":806,"height":310,"caption":"Proffis"},"image":{"@id":"https:\/\/www.proffis.rs\/#\/schema\/logo\/image\/"},"sameAs":["https:\/\/www.facebook.com\/PROFFISSUBOTICA"]},{"@type":"Person","@id":"https:\/\/www.proffis.rs\/#\/schema\/person\/fe57c4522d3b4818d642b3ed8102078e","name":"Proffis","image":{"@type":"ImageObject","inLanguage":"hu","@id":"https:\/\/secure.gravatar.com\/avatar\/d419edbf9f77b6fee9a6205d5570c707c9bcaec37e05e97ccec9d81b646420cf?s=96&d=mm&r=g","url":"https:\/\/secure.gravatar.com\/avatar\/d419edbf9f77b6fee9a6205d5570c707c9bcaec37e05e97ccec9d81b646420cf?s=96&d=mm&r=g","contentUrl":"https:\/\/secure.gravatar.com\/avatar\/d419edbf9f77b6fee9a6205d5570c707c9bcaec37e05e97ccec9d81b646420cf?s=96&d=mm&r=g","caption":"Proffis"},"url":"https:\/\/www.proffis.rs\/hu\/author\/ceda\/"}]}},"_links":{"self":[{"href":"https:\/\/www.proffis.rs\/hu\/wp-json\/wp\/v2\/posts\/346594","targetHints":{"allow":["GET"]}}],"collection":[{"href":"https:\/\/www.proffis.rs\/hu\/wp-json\/wp\/v2\/posts"}],"about":[{"href":"https:\/\/www.proffis.rs\/hu\/wp-json\/wp\/v2\/types\/post"}],"author":[{"embeddable":true,"href":"https:\/\/www.proffis.rs\/hu\/wp-json\/wp\/v2\/users\/2"}],"replies":[{"embeddable":true,"href":"https:\/\/www.proffis.rs\/hu\/wp-json\/wp\/v2\/comments?post=346594"}],"version-history":[{"count":7,"href":"https:\/\/www.proffis.rs\/hu\/wp-json\/wp\/v2\/posts\/346594\/revisions"}],"predecessor-version":[{"id":346612,"href":"https:\/\/www.proffis.rs\/hu\/wp-json\/wp\/v2\/posts\/346594\/revisions\/346612"}],"wp:featuredmedia":[{"embeddable":true,"href":"https:\/\/www.proffis.rs\/hu\/wp-json\/wp\/v2\/media\/346600"}],"wp:attachment":[{"href":"https:\/\/www.proffis.rs\/hu\/wp-json\/wp\/v2\/media?parent=346594"}],"wp:term":[{"taxonomy":"category","embeddable":true,"href":"https:\/\/www.proffis.rs\/hu\/wp-json\/wp\/v2\/categories?post=346594"},{"taxonomy":"post_tag","embeddable":true,"href":"https:\/\/www.proffis.rs\/hu\/wp-json\/wp\/v2\/tags?post=346594"}],"curies":[{"name":"wp","href":"https:\/\/api.w.org\/{rel}","templated":true}]}}