{"id":346532,"date":"2025-11-14T14:55:36","date_gmt":"2025-11-14T14:55:36","guid":{"rendered":"https:\/\/www.proffis.rs\/?p=346532"},"modified":"2025-11-17T13:41:02","modified_gmt":"2025-11-17T13:41:02","slug":"slovacka","status":"publish","type":"post","link":"https:\/\/www.proffis.rs\/hu\/slovacka\/","title":{"rendered":"SLOVA\u010cKA"},"content":{"rendered":"<p>[et_pb_section fb_built=&#8220;1&#8243; _builder_version=&#8220;4.19.0&#8243; global_colors_info=&#8220;{}&#8220;][et_pb_row _builder_version=&#8220;4.19.0&#8243; global_colors_info=&#8220;{}&#8220;][et_pb_column type=&#8220;4_4&#8243; _builder_version=&#8220;4.19.0&#8243; global_colors_info=&#8220;{}&#8220;][et_pb_text _builder_version=&#8220;4.23.1&#8243; global_colors_info=&#8220;{}&#8220;]<\/p>\n<h2>\u00a0<\/h2>\n<h2>\u00a0<\/h2>\n<h2 style=\"text-align: center;\"><strong>SLOVA\u010cKA<\/strong><\/h2>\n<article class=\"text-token-text-primary w-full focus:outline-none [--shadow-height:45px] has-data-writing-block:pointer-events-none has-data-writing-block:-mt-(--shadow-height) has-data-writing-block:pt-(--shadow-height) [&amp;:has([data-writing-block])&gt;*]:pointer-events-auto [content-visibility:auto] supports-[content-visibility:auto]:[contain-intrinsic-size:auto_100lvh] scroll-mt-[calc(var(--header-height)+min(200px,max(70px,20svh)))]\" dir=\"auto\" tabindex=\"-1\" data-turn-id=\"request-WEB:6338fe33-3215-4706-bd88-fe0a8a1ed3b5-3\" data-testid=\"conversation-turn-8\" data-scroll-anchor=\"true\" data-turn=\"assistant\">\n<div class=\"text-base my-auto mx-auto pb-10 [--thread-content-margin:--spacing(4)] thread-sm:[--thread-content-margin:--spacing(6)] thread-lg:[--thread-content-margin:--spacing(16)] px-(--thread-content-margin)\">\n<div class=\"[--thread-content-max-width:40rem] thread-lg:[--thread-content-max-width:48rem] mx-auto max-w-(--thread-content-max-width) flex-1 group\/turn-messages focus-visible:outline-hidden relative flex w-full min-w-0 flex-col agent-turn\" tabindex=\"-1\">\n<div class=\"flex max-w-full flex-col grow\">\n<div class=\"min-h-8 text-message relative flex w-full flex-col items-end gap-2 text-start break-words whitespace-normal [.text-message+&amp;]:mt-1\" dir=\"auto\" data-message-author-role=\"assistant\" data-message-id=\"b79fc924-77ac-46f7-91ac-056f9d64dc28\" data-message-model-slug=\"gpt-5-1\">\n<div class=\"flex w-full flex-col gap-1 empty:hidden first:pt-[1px]\">\n<div class=\"markdown prose dark:prose-invert w-full break-words light markdown-new-styling\">\n<p data-start=\"70\" data-end=\"484\"><strong data-start=\"70\" data-end=\"82\">Slova\u010dka<\/strong> je centralnoevropska zemlja poznata po impresivnim planinama, srednjovekovnim dvorcima i bogatoj kulturnoj ba\u0161tini. Sme\u0161tena u srcu Evrope, grani\u010di sa \u010ce\u0161kom, Poljskom, Ma\u0111arskom, Austrijom i Ukrajinom, \u0161to je \u010dini va\u017enim mostom izme\u0111u zapadne i isto\u010dne Evrope. Glavni grad <strong data-start=\"357\" data-end=\"371\">Bratislava<\/strong>, sme\u0161ten na obalama Dunava, isti\u010de se \u0161armantnim starim gradom, modernim kvartovima i \u017eivahnom kulturnom scenom.<\/p>\n<p data-start=\"486\" data-end=\"825\">Slova\u010dka je posebno poznata po prirodnim lepotama \u2013 Visoke Tatre nude spektakularne vrhove, jezera i ski-centre, dok brojni nacionalni parkovi, pe\u0107ine i termalni izvori privla\u010de ljubitelje prirode i aktivnog odmora. Zemlja neguje dugu tradiciju folklora, muzike i zanatstva, uz ukusnu kuhinju koja uklju\u010duje jela poput bryndzov\u00fdch halu\u0161ki.<\/p>\n<p data-start=\"827\" data-end=\"1040\" data-is-last-node=\"\" data-is-only-node=\"\">Kao moderna i stabilna dr\u017eava, Slova\u010dka nudi spoj prirodnih lepota, istorije i savremenog urbanog \u017eivota, \u0161to je \u010dini atraktivnom destinacijom za turiste, investitore i putnike u potrazi za autenti\u010dnim iskustvima.<\/p>\n<\/div>\n<\/div>\n<\/div>\n<\/div>\n<div class=\"z-0 flex min-h-[46px] justify-start\">\u00a0<\/div>\n<\/div>\n<\/div>\n<\/article>\n<p>[\/et_pb_text][et_pb_nextend_smart_slider_3 slider=&#8220;433&#8243; _builder_version=&#8220;4.23.1&#8243; global_colors_info=&#8220;{}&#8220;][\/et_pb_nextend_smart_slider_3][et_pb_blog fullwidth=&#8220;off&#8220; posts_number=&#8220;24&#8243; include_categories=&#8220;77&#8243; excerpt_length=&#8220;130&#8243; show_more=&#8220;on&#8220; show_author=&#8220;off&#8220; show_date=&#8220;off&#8220; show_categories=&#8220;off&#8220; show_pagination=&#8220;off&#8220; use_overlay=&#8220;on&#8220; hover_overlay_color=&#8220;rgba(0,0,0,0.29)&#8220; _builder_version=&#8220;4.23.1&#8243; animation_style=&#8220;slide&#8220; hover_enabled=&#8220;0&#8243; custom_css_main_element=&#8220;||&#8220; custom_css_content=&#8220;height: 190px;||&#8220; custom_css_read_more=&#8220;color: #e09900;||display: block;||text-align:center;||margin-top: 10px;||border: 1px solid #007CC3;||padding: 5px;&#8220; border_width_all_image=&#8220;1px&#8220; border_color_all_image=&#8220;#0c71c3&#8243; box_shadow_style=&#8220;preset3&#8243; box_shadow_horizontal=&#8220;3px&#8220; box_shadow_vertical=&#8220;10px&#8220; box_shadow_spread=&#8220;0px&#8220; box_shadow_color=&#8220;rgba(0,0,0,0.7)&#8220; global_colors_info=&#8220;{}&#8220; box_shadow_horizontal__hover=&#8220;7px&#8220; box_shadow_horizontal__hover_enabled=&#8220;on|hover&#8220; sticky_enabled=&#8220;0&#8243;][\/et_pb_blog][\/et_pb_column][\/et_pb_row][\/et_pb_section]<\/p>\n","protected":false},"excerpt":{"rendered":"<p>\u00a0 \u00a0 SLOVA\u010cKA Slova\u010dka je centralnoevropska zemlja poznata po impresivnim planinama, srednjovekovnim dvorcima i bogatoj kulturnoj ba\u0161tini. Sme\u0161tena u srcu Evrope, grani\u010di sa \u010ce\u0161kom, Poljskom, Ma\u0111arskom, Austrijom i Ukrajinom, \u0161to je \u010dini va\u017enim mostom izme\u0111u zapadne i isto\u010dne Evrope. Glavni grad Bratislava, sme\u0161ten na obalama Dunava, isti\u010de se \u0161armantnim starim gradom, modernim kvartovima i \u017eivahnom [&hellip;]<\/p>\n","protected":false},"author":2,"featured_media":0,"comment_status":"closed","ping_status":"closed","sticky":false,"template":"","format":"standard","meta":{"_et_pb_use_builder":"on","_et_pb_old_content":"","_et_gb_content_width":"","footnotes":""},"categories":[77],"tags":[],"class_list":["post-346532","post","type-post","status-publish","format-standard","hentry","category-slovacka"],"yoast_head":"<!-- This site is optimized with the Yoast SEO plugin v27.3 - https:\/\/yoast.com\/product\/yoast-seo-wordpress\/ -->\n<title>SLOVA\u010cKA | 30 GODINA VA\u0160EG POVERENJA<\/title>\n<meta name=\"description\" content=\"Slova\u010dka je dr\u017eava u centralnoj Evropi poznata po slikovitim planinama i bogatoj kulturnoj tradiciji. Glavni grad je Bratislava.\" \/>\n<meta name=\"robots\" content=\"index, follow, max-snippet:-1, max-image-preview:large, max-video-preview:-1\" \/>\n<link rel=\"canonical\" href=\"https:\/\/www.proffis.rs\/hu\/slovacka\/\" \/>\n<meta property=\"og:locale\" content=\"hu_HU\" \/>\n<meta property=\"og:type\" content=\"article\" \/>\n<meta property=\"og:title\" content=\"SLOVA\u010cKA | 30 GODINA VA\u0160EG POVERENJA\" \/>\n<meta property=\"og:description\" content=\"Slova\u010dka je dr\u017eava u centralnoj Evropi poznata po slikovitim planinama i bogatoj kulturnoj tradiciji. Glavni grad je Bratislava.\" \/>\n<meta property=\"og:url\" content=\"https:\/\/www.proffis.rs\/hu\/slovacka\/\" \/>\n<meta property=\"og:site_name\" content=\"30 GODINA VA\u0160EG POVERENJA\" \/>\n<meta property=\"article:publisher\" content=\"https:\/\/www.facebook.com\/PROFFISSUBOTICA\" \/>\n<meta property=\"article:published_time\" content=\"2025-11-14T14:55:36+00:00\" \/>\n<meta property=\"article:modified_time\" content=\"2025-11-17T13:41:02+00:00\" \/>\n<meta name=\"author\" content=\"Proffis\" \/>\n<meta name=\"twitter:card\" content=\"summary_large_image\" \/>\n<meta name=\"twitter:label1\" content=\"Szerz\u0151:\" \/>\n\t<meta name=\"twitter:data1\" content=\"Proffis\" \/>\n\t<meta name=\"twitter:label2\" content=\"Becs\u00fclt olvas\u00e1si id\u0151\" \/>\n\t<meta name=\"twitter:data2\" content=\"1 perc\" \/>\n<script type=\"application\/ld+json\" class=\"yoast-schema-graph\">{\"@context\":\"https:\\\/\\\/schema.org\",\"@graph\":[{\"@type\":\"Article\",\"@id\":\"https:\\\/\\\/www.proffis.rs\\\/slovacka\\\/#article\",\"isPartOf\":{\"@id\":\"https:\\\/\\\/www.proffis.rs\\\/slovacka\\\/\"},\"author\":{\"name\":\"Proffis\",\"@id\":\"https:\\\/\\\/www.proffis.rs\\\/#\\\/schema\\\/person\\\/fe57c4522d3b4818d642b3ed8102078e\"},\"headline\":\"SLOVA\u010cKA\",\"datePublished\":\"2025-11-14T14:55:36+00:00\",\"dateModified\":\"2025-11-17T13:41:02+00:00\",\"mainEntityOfPage\":{\"@id\":\"https:\\\/\\\/www.proffis.rs\\\/slovacka\\\/\"},\"wordCount\":335,\"publisher\":{\"@id\":\"https:\\\/\\\/www.proffis.rs\\\/#organization\"},\"articleSection\":[\"Slova\u010dka\"],\"inLanguage\":\"hu\"},{\"@type\":\"WebPage\",\"@id\":\"https:\\\/\\\/www.proffis.rs\\\/slovacka\\\/\",\"url\":\"https:\\\/\\\/www.proffis.rs\\\/slovacka\\\/\",\"name\":\"SLOVA\u010cKA | 30 GODINA VA\u0160EG POVERENJA\",\"isPartOf\":{\"@id\":\"https:\\\/\\\/www.proffis.rs\\\/#website\"},\"datePublished\":\"2025-11-14T14:55:36+00:00\",\"dateModified\":\"2025-11-17T13:41:02+00:00\",\"description\":\"Slova\u010dka je dr\u017eava u centralnoj Evropi poznata po slikovitim planinama i bogatoj kulturnoj tradiciji. Glavni grad je Bratislava.\",\"breadcrumb\":{\"@id\":\"https:\\\/\\\/www.proffis.rs\\\/slovacka\\\/#breadcrumb\"},\"inLanguage\":\"hu\",\"potentialAction\":[{\"@type\":\"ReadAction\",\"target\":[\"https:\\\/\\\/www.proffis.rs\\\/slovacka\\\/\"]}]},{\"@type\":\"BreadcrumbList\",\"@id\":\"https:\\\/\\\/www.proffis.rs\\\/slovacka\\\/#breadcrumb\",\"itemListElement\":[{\"@type\":\"ListItem\",\"position\":1,\"name\":\"Home\",\"item\":\"https:\\\/\\\/www.proffis.rs\\\/\"},{\"@type\":\"ListItem\",\"position\":2,\"name\":\"SLOVA\u010cKA\"}]},{\"@type\":\"WebSite\",\"@id\":\"https:\\\/\\\/www.proffis.rs\\\/#website\",\"url\":\"https:\\\/\\\/www.proffis.rs\\\/\",\"name\":\"Proffis\",\"description\":\"Proffis Turisti\u010dka agencija Subotica\",\"publisher\":{\"@id\":\"https:\\\/\\\/www.proffis.rs\\\/#organization\"},\"alternateName\":\"Turisti\u010dka agencija Proffis SUBOTICA\",\"potentialAction\":[{\"@type\":\"SearchAction\",\"target\":{\"@type\":\"EntryPoint\",\"urlTemplate\":\"https:\\\/\\\/www.proffis.rs\\\/?s={search_term_string}\"},\"query-input\":{\"@type\":\"PropertyValueSpecification\",\"valueRequired\":true,\"valueName\":\"search_term_string\"}}],\"inLanguage\":\"hu\"},{\"@type\":\"Organization\",\"@id\":\"https:\\\/\\\/www.proffis.rs\\\/#organization\",\"name\":\"Proffis\",\"url\":\"https:\\\/\\\/www.proffis.rs\\\/\",\"logo\":{\"@type\":\"ImageObject\",\"inLanguage\":\"hu\",\"@id\":\"https:\\\/\\\/www.proffis.rs\\\/#\\\/schema\\\/logo\\\/image\\\/\",\"url\":\"https:\\\/\\\/media.proffis.rs\\\/2023\\\/12\\\/proffis2-removebg.png\",\"contentUrl\":\"https:\\\/\\\/media.proffis.rs\\\/2023\\\/12\\\/proffis2-removebg.png\",\"width\":806,\"height\":310,\"caption\":\"Proffis\"},\"image\":{\"@id\":\"https:\\\/\\\/www.proffis.rs\\\/#\\\/schema\\\/logo\\\/image\\\/\"},\"sameAs\":[\"https:\\\/\\\/www.facebook.com\\\/PROFFISSUBOTICA\"]},{\"@type\":\"Person\",\"@id\":\"https:\\\/\\\/www.proffis.rs\\\/#\\\/schema\\\/person\\\/fe57c4522d3b4818d642b3ed8102078e\",\"name\":\"Proffis\",\"image\":{\"@type\":\"ImageObject\",\"inLanguage\":\"hu\",\"@id\":\"https:\\\/\\\/secure.gravatar.com\\\/avatar\\\/d419edbf9f77b6fee9a6205d5570c707c9bcaec37e05e97ccec9d81b646420cf?s=96&d=mm&r=g\",\"url\":\"https:\\\/\\\/secure.gravatar.com\\\/avatar\\\/d419edbf9f77b6fee9a6205d5570c707c9bcaec37e05e97ccec9d81b646420cf?s=96&d=mm&r=g\",\"contentUrl\":\"https:\\\/\\\/secure.gravatar.com\\\/avatar\\\/d419edbf9f77b6fee9a6205d5570c707c9bcaec37e05e97ccec9d81b646420cf?s=96&d=mm&r=g\",\"caption\":\"Proffis\"},\"url\":\"https:\\\/\\\/www.proffis.rs\\\/hu\\\/author\\\/ceda\\\/\"}]}<\/script>\n<!-- \/ Yoast SEO plugin. -->","yoast_head_json":{"title":"SLOVA\u010cKA | 30 GODINA VA\u0160EG POVERENJA","description":"Slova\u010dka je dr\u017eava u centralnoj Evropi poznata po slikovitim planinama i bogatoj kulturnoj tradiciji. Glavni grad je Bratislava.","robots":{"index":"index","follow":"follow","max-snippet":"max-snippet:-1","max-image-preview":"max-image-preview:large","max-video-preview":"max-video-preview:-1"},"canonical":"https:\/\/www.proffis.rs\/hu\/slovacka\/","og_locale":"hu_HU","og_type":"article","og_title":"SLOVA\u010cKA | 30 GODINA VA\u0160EG POVERENJA","og_description":"Slova\u010dka je dr\u017eava u centralnoj Evropi poznata po slikovitim planinama i bogatoj kulturnoj tradiciji. Glavni grad je Bratislava.","og_url":"https:\/\/www.proffis.rs\/hu\/slovacka\/","og_site_name":"30 GODINA VA\u0160EG POVERENJA","article_publisher":"https:\/\/www.facebook.com\/PROFFISSUBOTICA","article_published_time":"2025-11-14T14:55:36+00:00","article_modified_time":"2025-11-17T13:41:02+00:00","author":"Proffis","twitter_card":"summary_large_image","twitter_misc":{"Szerz\u0151:":"Proffis","Becs\u00fclt olvas\u00e1si id\u0151":"1 perc"},"schema":{"@context":"https:\/\/schema.org","@graph":[{"@type":"Article","@id":"https:\/\/www.proffis.rs\/slovacka\/#article","isPartOf":{"@id":"https:\/\/www.proffis.rs\/slovacka\/"},"author":{"name":"Proffis","@id":"https:\/\/www.proffis.rs\/#\/schema\/person\/fe57c4522d3b4818d642b3ed8102078e"},"headline":"SLOVA\u010cKA","datePublished":"2025-11-14T14:55:36+00:00","dateModified":"2025-11-17T13:41:02+00:00","mainEntityOfPage":{"@id":"https:\/\/www.proffis.rs\/slovacka\/"},"wordCount":335,"publisher":{"@id":"https:\/\/www.proffis.rs\/#organization"},"articleSection":["Slova\u010dka"],"inLanguage":"hu"},{"@type":"WebPage","@id":"https:\/\/www.proffis.rs\/slovacka\/","url":"https:\/\/www.proffis.rs\/slovacka\/","name":"SLOVA\u010cKA | 30 GODINA VA\u0160EG POVERENJA","isPartOf":{"@id":"https:\/\/www.proffis.rs\/#website"},"datePublished":"2025-11-14T14:55:36+00:00","dateModified":"2025-11-17T13:41:02+00:00","description":"Slova\u010dka je dr\u017eava u centralnoj Evropi poznata po slikovitim planinama i bogatoj kulturnoj tradiciji. Glavni grad je Bratislava.","breadcrumb":{"@id":"https:\/\/www.proffis.rs\/slovacka\/#breadcrumb"},"inLanguage":"hu","potentialAction":[{"@type":"ReadAction","target":["https:\/\/www.proffis.rs\/slovacka\/"]}]},{"@type":"BreadcrumbList","@id":"https:\/\/www.proffis.rs\/slovacka\/#breadcrumb","itemListElement":[{"@type":"ListItem","position":1,"name":"Home","item":"https:\/\/www.proffis.rs\/"},{"@type":"ListItem","position":2,"name":"SLOVA\u010cKA"}]},{"@type":"WebSite","@id":"https:\/\/www.proffis.rs\/#website","url":"https:\/\/www.proffis.rs\/","name":"Proffis","description":"Proffis Turisti\u010dka agencija Subotica","publisher":{"@id":"https:\/\/www.proffis.rs\/#organization"},"alternateName":"Turisti\u010dka agencija Proffis SUBOTICA","potentialAction":[{"@type":"SearchAction","target":{"@type":"EntryPoint","urlTemplate":"https:\/\/www.proffis.rs\/?s={search_term_string}"},"query-input":{"@type":"PropertyValueSpecification","valueRequired":true,"valueName":"search_term_string"}}],"inLanguage":"hu"},{"@type":"Organization","@id":"https:\/\/www.proffis.rs\/#organization","name":"Proffis","url":"https:\/\/www.proffis.rs\/","logo":{"@type":"ImageObject","inLanguage":"hu","@id":"https:\/\/www.proffis.rs\/#\/schema\/logo\/image\/","url":"https:\/\/media.proffis.rs\/2023\/12\/proffis2-removebg.png","contentUrl":"https:\/\/media.proffis.rs\/2023\/12\/proffis2-removebg.png","width":806,"height":310,"caption":"Proffis"},"image":{"@id":"https:\/\/www.proffis.rs\/#\/schema\/logo\/image\/"},"sameAs":["https:\/\/www.facebook.com\/PROFFISSUBOTICA"]},{"@type":"Person","@id":"https:\/\/www.proffis.rs\/#\/schema\/person\/fe57c4522d3b4818d642b3ed8102078e","name":"Proffis","image":{"@type":"ImageObject","inLanguage":"hu","@id":"https:\/\/secure.gravatar.com\/avatar\/d419edbf9f77b6fee9a6205d5570c707c9bcaec37e05e97ccec9d81b646420cf?s=96&d=mm&r=g","url":"https:\/\/secure.gravatar.com\/avatar\/d419edbf9f77b6fee9a6205d5570c707c9bcaec37e05e97ccec9d81b646420cf?s=96&d=mm&r=g","contentUrl":"https:\/\/secure.gravatar.com\/avatar\/d419edbf9f77b6fee9a6205d5570c707c9bcaec37e05e97ccec9d81b646420cf?s=96&d=mm&r=g","caption":"Proffis"},"url":"https:\/\/www.proffis.rs\/hu\/author\/ceda\/"}]}},"_links":{"self":[{"href":"https:\/\/www.proffis.rs\/hu\/wp-json\/wp\/v2\/posts\/346532","targetHints":{"allow":["GET"]}}],"collection":[{"href":"https:\/\/www.proffis.rs\/hu\/wp-json\/wp\/v2\/posts"}],"about":[{"href":"https:\/\/www.proffis.rs\/hu\/wp-json\/wp\/v2\/types\/post"}],"author":[{"embeddable":true,"href":"https:\/\/www.proffis.rs\/hu\/wp-json\/wp\/v2\/users\/2"}],"replies":[{"embeddable":true,"href":"https:\/\/www.proffis.rs\/hu\/wp-json\/wp\/v2\/comments?post=346532"}],"version-history":[{"count":6,"href":"https:\/\/www.proffis.rs\/hu\/wp-json\/wp\/v2\/posts\/346532\/revisions"}],"predecessor-version":[{"id":346553,"href":"https:\/\/www.proffis.rs\/hu\/wp-json\/wp\/v2\/posts\/346532\/revisions\/346553"}],"wp:attachment":[{"href":"https:\/\/www.proffis.rs\/hu\/wp-json\/wp\/v2\/media?parent=346532"}],"wp:term":[{"taxonomy":"category","embeddable":true,"href":"https:\/\/www.proffis.rs\/hu\/wp-json\/wp\/v2\/categories?post=346532"},{"taxonomy":"post_tag","embeddable":true,"href":"https:\/\/www.proffis.rs\/hu\/wp-json\/wp\/v2\/tags?post=346532"}],"curies":[{"name":"wp","href":"https:\/\/api.w.org\/{rel}","templated":true}]}}