{"id":346496,"date":"2025-11-14T13:47:53","date_gmt":"2025-11-14T13:47:53","guid":{"rendered":"https:\/\/www.proffis.rs\/?p=346496"},"modified":"2025-11-14T14:12:43","modified_gmt":"2025-11-14T14:12:43","slug":"poljska","status":"publish","type":"post","link":"https:\/\/www.proffis.rs\/hu\/poljska\/","title":{"rendered":"POLJSKA"},"content":{"rendered":"<p>[et_pb_section fb_built=&#8220;1&#8243; _builder_version=&#8220;4.19.0&#8243; global_colors_info=&#8220;{}&#8220;][et_pb_row _builder_version=&#8220;4.19.0&#8243; global_colors_info=&#8220;{}&#8220;][et_pb_column type=&#8220;4_4&#8243; _builder_version=&#8220;4.19.0&#8243; global_colors_info=&#8220;{}&#8220;][et_pb_text _builder_version=&#8220;4.23.1&#8243; global_colors_info=&#8220;{}&#8220;]<\/p>\n<h2>\u00a0<\/h2>\n<h2>\u00a0<\/h2>\n<h2 style=\"text-align: center;\"><strong>POLJSKA<\/strong><\/h2>\n<p data-start=\"68\" data-end=\"526\"><strong data-start=\"68\" data-end=\"79\">Poljska<\/strong> je velika dr\u017eava u srcu centralne Evrope, poznata po svojoj bogatoj i turbulentnoj istoriji, raznolikoj kulturi i sna\u017enom ose\u0107aju nacionalnog identiteta. Grani\u010di sa Nema\u010dkom, \u010ce\u0161kom, Slova\u010dkom, Ukrajinom, Belorusijom, Litvanijom i Rusijom, \u0161to je \u010dini va\u017enim geopoliti\u010dkim i ekonomskim \u010dvori\u0161tem regiona. Sa vi\u0161e od 38 miliona stanovnika, Poljska je jedna od najve\u0107ih zemalja Evropske unije i igra zna\u010dajnu ulogu u evropskoj politici i ekonomiji.<\/p>\n<p data-start=\"528\" data-end=\"974\">Glavni grad <strong data-start=\"540\" data-end=\"551\">Var\u0161ava<\/strong> predstavlja dinami\u010dnu metropolu koja spaja moderni poslovni svet sa restauriranim istorijskim jezgrima. <strong data-start=\"656\" data-end=\"666\">Krakov<\/strong>, nekada\u0161nja kraljevska prestonica, poznat je po svojim goti\u010dkim i renesansnim gra\u0111evinama, kao i po bogatoj umetni\u010dkoj i univerzitetskoj tradiciji. <strong data-start=\"815\" data-end=\"826\">Gdanjsk<\/strong> na Balti\u010dkom moru isti\u010de se jedinstvenom arhitekturom, pomorskim nasle\u0111em i klju\u010dnom ulogom u savremenoj istoriji, posebno u pokretu \u201cSolidarnost\u201d.<\/p>\n<p data-start=\"976\" data-end=\"1238\">Prirodne lepote Poljske privla\u010de posetioce tokom cele godine: planine <strong data-start=\"1046\" data-end=\"1055\">Tatre<\/strong> nude jedne od najlep\u0161ih panoramskih staza u Evropi, dok jezera Mazurije nude mir i netaknutu prirodu. Balti\u010dka obala privla\u010di turiste peskovitim pla\u017eama i letovali\u0161tima poput Sopota.<\/p>\n<p>[\/et_pb_text][et_pb_nextend_smart_slider_3 slider=&#8220;432&#8243; _builder_version=&#8220;4.23.1&#8243; global_colors_info=&#8220;{}&#8220;][\/et_pb_nextend_smart_slider_3][et_pb_blog fullwidth=&#8220;off&#8220; posts_number=&#8220;24&#8243; include_categories=&#8220;65&#8243; excerpt_length=&#8220;130&#8243; show_more=&#8220;on&#8220; show_author=&#8220;off&#8220; show_date=&#8220;off&#8220; show_categories=&#8220;off&#8220; show_pagination=&#8220;off&#8220; use_overlay=&#8220;on&#8220; hover_overlay_color=&#8220;rgba(0,0,0,0.29)&#8220; _builder_version=&#8220;4.23.1&#8243; animation_style=&#8220;slide&#8220; custom_css_main_element=&#8220;||&#8220; custom_css_content=&#8220;height: 190px;||&#8220; custom_css_read_more=&#8220;color: #e09900;||display: block;||text-align:center;||margin-top: 10px;||border: 1px solid #007CC3;||padding: 5px;&#8220; border_width_all_image=&#8220;1px&#8220; border_color_all_image=&#8220;#0c71c3&#8243; box_shadow_style=&#8220;preset3&#8243; box_shadow_horizontal=&#8220;3px&#8220; box_shadow_vertical=&#8220;10px&#8220; box_shadow_spread=&#8220;0px&#8220; box_shadow_color=&#8220;rgba(0,0,0,0.7)&#8220; global_colors_info=&#8220;{}&#8220; box_shadow_horizontal__hover=&#8220;7px&#8220; box_shadow_horizontal__hover_enabled=&#8220;on|hover&#8220;][\/et_pb_blog][\/et_pb_column][\/et_pb_row][\/et_pb_section]<\/p>\n","protected":false},"excerpt":{"rendered":"<p>\u00a0 \u00a0 POLJSKA Poljska je velika dr\u017eava u srcu centralne Evrope, poznata po svojoj bogatoj i turbulentnoj istoriji, raznolikoj kulturi i sna\u017enom ose\u0107aju nacionalnog identiteta. Grani\u010di sa Nema\u010dkom, \u010ce\u0161kom, Slova\u010dkom, Ukrajinom, Belorusijom, Litvanijom i Rusijom, \u0161to je \u010dini va\u017enim geopoliti\u010dkim i ekonomskim \u010dvori\u0161tem regiona. Sa vi\u0161e od 38 miliona stanovnika, Poljska je jedna od najve\u0107ih [&hellip;]<\/p>\n","protected":false},"author":2,"featured_media":0,"comment_status":"closed","ping_status":"closed","sticky":false,"template":"","format":"standard","meta":{"_et_pb_use_builder":"on","_et_pb_old_content":"","_et_gb_content_width":"","footnotes":""},"categories":[1],"tags":[],"class_list":["post-346496","post","type-post","status-publish","format-standard","hentry","category-uncategorized"],"yoast_head":"<!-- This site is optimized with the Yoast SEO plugin v27.3 - https:\/\/yoast.com\/product\/yoast-seo-wordpress\/ -->\n<title>POLJSKA | 30 GODINA VA\u0160EG POVERENJA<\/title>\n<meta name=\"description\" content=\"Poljska je dr\u017eava u centralnoj Evropi poznata po bogatoj istoriji, kulturnom nasle\u0111u i dinami\u010dnom ekonomskom razvoju. Glavni grad je Var\u0161ava.\" \/>\n<meta name=\"robots\" content=\"index, follow, max-snippet:-1, max-image-preview:large, max-video-preview:-1\" \/>\n<link rel=\"canonical\" href=\"https:\/\/www.proffis.rs\/hu\/poljska\/\" \/>\n<meta property=\"og:locale\" content=\"hu_HU\" \/>\n<meta property=\"og:type\" content=\"article\" \/>\n<meta property=\"og:title\" content=\"POLJSKA | 30 GODINA VA\u0160EG POVERENJA\" \/>\n<meta property=\"og:description\" content=\"Poljska je dr\u017eava u centralnoj Evropi poznata po bogatoj istoriji, kulturnom nasle\u0111u i dinami\u010dnom ekonomskom razvoju. Glavni grad je Var\u0161ava.\" \/>\n<meta property=\"og:url\" content=\"https:\/\/www.proffis.rs\/hu\/poljska\/\" \/>\n<meta property=\"og:site_name\" content=\"30 GODINA VA\u0160EG POVERENJA\" \/>\n<meta property=\"article:publisher\" content=\"https:\/\/www.facebook.com\/PROFFISSUBOTICA\" \/>\n<meta property=\"article:published_time\" content=\"2025-11-14T13:47:53+00:00\" \/>\n<meta property=\"article:modified_time\" content=\"2025-11-14T14:12:43+00:00\" \/>\n<meta name=\"author\" content=\"Proffis\" \/>\n<meta name=\"twitter:card\" content=\"summary_large_image\" \/>\n<meta name=\"twitter:label1\" content=\"Szerz\u0151:\" \/>\n\t<meta name=\"twitter:data1\" content=\"Proffis\" \/>\n\t<meta name=\"twitter:label2\" content=\"Becs\u00fclt olvas\u00e1si id\u0151\" \/>\n\t<meta name=\"twitter:data2\" content=\"1 perc\" \/>\n<script type=\"application\/ld+json\" class=\"yoast-schema-graph\">{\"@context\":\"https:\\\/\\\/schema.org\",\"@graph\":[{\"@type\":\"Article\",\"@id\":\"https:\\\/\\\/www.proffis.rs\\\/poljska\\\/#article\",\"isPartOf\":{\"@id\":\"https:\\\/\\\/www.proffis.rs\\\/poljska\\\/\"},\"author\":{\"name\":\"Proffis\",\"@id\":\"https:\\\/\\\/www.proffis.rs\\\/#\\\/schema\\\/person\\\/fe57c4522d3b4818d642b3ed8102078e\"},\"headline\":\"POLJSKA\",\"datePublished\":\"2025-11-14T13:47:53+00:00\",\"dateModified\":\"2025-11-14T14:12:43+00:00\",\"mainEntityOfPage\":{\"@id\":\"https:\\\/\\\/www.proffis.rs\\\/poljska\\\/\"},\"wordCount\":362,\"publisher\":{\"@id\":\"https:\\\/\\\/www.proffis.rs\\\/#organization\"},\"articleSection\":[\"Uncategorized\"],\"inLanguage\":\"hu\"},{\"@type\":\"WebPage\",\"@id\":\"https:\\\/\\\/www.proffis.rs\\\/poljska\\\/\",\"url\":\"https:\\\/\\\/www.proffis.rs\\\/poljska\\\/\",\"name\":\"POLJSKA | 30 GODINA VA\u0160EG POVERENJA\",\"isPartOf\":{\"@id\":\"https:\\\/\\\/www.proffis.rs\\\/#website\"},\"datePublished\":\"2025-11-14T13:47:53+00:00\",\"dateModified\":\"2025-11-14T14:12:43+00:00\",\"description\":\"Poljska je dr\u017eava u centralnoj Evropi poznata po bogatoj istoriji, kulturnom nasle\u0111u i dinami\u010dnom ekonomskom razvoju. Glavni grad je Var\u0161ava.\",\"breadcrumb\":{\"@id\":\"https:\\\/\\\/www.proffis.rs\\\/poljska\\\/#breadcrumb\"},\"inLanguage\":\"hu\",\"potentialAction\":[{\"@type\":\"ReadAction\",\"target\":[\"https:\\\/\\\/www.proffis.rs\\\/poljska\\\/\"]}]},{\"@type\":\"BreadcrumbList\",\"@id\":\"https:\\\/\\\/www.proffis.rs\\\/poljska\\\/#breadcrumb\",\"itemListElement\":[{\"@type\":\"ListItem\",\"position\":1,\"name\":\"Home\",\"item\":\"https:\\\/\\\/www.proffis.rs\\\/\"},{\"@type\":\"ListItem\",\"position\":2,\"name\":\"POLJSKA\"}]},{\"@type\":\"WebSite\",\"@id\":\"https:\\\/\\\/www.proffis.rs\\\/#website\",\"url\":\"https:\\\/\\\/www.proffis.rs\\\/\",\"name\":\"Proffis\",\"description\":\"Proffis Turisti\u010dka agencija Subotica\",\"publisher\":{\"@id\":\"https:\\\/\\\/www.proffis.rs\\\/#organization\"},\"alternateName\":\"Turisti\u010dka agencija Proffis SUBOTICA\",\"potentialAction\":[{\"@type\":\"SearchAction\",\"target\":{\"@type\":\"EntryPoint\",\"urlTemplate\":\"https:\\\/\\\/www.proffis.rs\\\/?s={search_term_string}\"},\"query-input\":{\"@type\":\"PropertyValueSpecification\",\"valueRequired\":true,\"valueName\":\"search_term_string\"}}],\"inLanguage\":\"hu\"},{\"@type\":\"Organization\",\"@id\":\"https:\\\/\\\/www.proffis.rs\\\/#organization\",\"name\":\"Proffis\",\"url\":\"https:\\\/\\\/www.proffis.rs\\\/\",\"logo\":{\"@type\":\"ImageObject\",\"inLanguage\":\"hu\",\"@id\":\"https:\\\/\\\/www.proffis.rs\\\/#\\\/schema\\\/logo\\\/image\\\/\",\"url\":\"https:\\\/\\\/media.proffis.rs\\\/2023\\\/12\\\/proffis2-removebg.png\",\"contentUrl\":\"https:\\\/\\\/media.proffis.rs\\\/2023\\\/12\\\/proffis2-removebg.png\",\"width\":806,\"height\":310,\"caption\":\"Proffis\"},\"image\":{\"@id\":\"https:\\\/\\\/www.proffis.rs\\\/#\\\/schema\\\/logo\\\/image\\\/\"},\"sameAs\":[\"https:\\\/\\\/www.facebook.com\\\/PROFFISSUBOTICA\"]},{\"@type\":\"Person\",\"@id\":\"https:\\\/\\\/www.proffis.rs\\\/#\\\/schema\\\/person\\\/fe57c4522d3b4818d642b3ed8102078e\",\"name\":\"Proffis\",\"image\":{\"@type\":\"ImageObject\",\"inLanguage\":\"hu\",\"@id\":\"https:\\\/\\\/secure.gravatar.com\\\/avatar\\\/d419edbf9f77b6fee9a6205d5570c707c9bcaec37e05e97ccec9d81b646420cf?s=96&d=mm&r=g\",\"url\":\"https:\\\/\\\/secure.gravatar.com\\\/avatar\\\/d419edbf9f77b6fee9a6205d5570c707c9bcaec37e05e97ccec9d81b646420cf?s=96&d=mm&r=g\",\"contentUrl\":\"https:\\\/\\\/secure.gravatar.com\\\/avatar\\\/d419edbf9f77b6fee9a6205d5570c707c9bcaec37e05e97ccec9d81b646420cf?s=96&d=mm&r=g\",\"caption\":\"Proffis\"},\"url\":\"https:\\\/\\\/www.proffis.rs\\\/hu\\\/author\\\/ceda\\\/\"}]}<\/script>\n<!-- \/ Yoast SEO plugin. -->","yoast_head_json":{"title":"POLJSKA | 30 GODINA VA\u0160EG POVERENJA","description":"Poljska je dr\u017eava u centralnoj Evropi poznata po bogatoj istoriji, kulturnom nasle\u0111u i dinami\u010dnom ekonomskom razvoju. Glavni grad je Var\u0161ava.","robots":{"index":"index","follow":"follow","max-snippet":"max-snippet:-1","max-image-preview":"max-image-preview:large","max-video-preview":"max-video-preview:-1"},"canonical":"https:\/\/www.proffis.rs\/hu\/poljska\/","og_locale":"hu_HU","og_type":"article","og_title":"POLJSKA | 30 GODINA VA\u0160EG POVERENJA","og_description":"Poljska je dr\u017eava u centralnoj Evropi poznata po bogatoj istoriji, kulturnom nasle\u0111u i dinami\u010dnom ekonomskom razvoju. Glavni grad je Var\u0161ava.","og_url":"https:\/\/www.proffis.rs\/hu\/poljska\/","og_site_name":"30 GODINA VA\u0160EG POVERENJA","article_publisher":"https:\/\/www.facebook.com\/PROFFISSUBOTICA","article_published_time":"2025-11-14T13:47:53+00:00","article_modified_time":"2025-11-14T14:12:43+00:00","author":"Proffis","twitter_card":"summary_large_image","twitter_misc":{"Szerz\u0151:":"Proffis","Becs\u00fclt olvas\u00e1si id\u0151":"1 perc"},"schema":{"@context":"https:\/\/schema.org","@graph":[{"@type":"Article","@id":"https:\/\/www.proffis.rs\/poljska\/#article","isPartOf":{"@id":"https:\/\/www.proffis.rs\/poljska\/"},"author":{"name":"Proffis","@id":"https:\/\/www.proffis.rs\/#\/schema\/person\/fe57c4522d3b4818d642b3ed8102078e"},"headline":"POLJSKA","datePublished":"2025-11-14T13:47:53+00:00","dateModified":"2025-11-14T14:12:43+00:00","mainEntityOfPage":{"@id":"https:\/\/www.proffis.rs\/poljska\/"},"wordCount":362,"publisher":{"@id":"https:\/\/www.proffis.rs\/#organization"},"articleSection":["Uncategorized"],"inLanguage":"hu"},{"@type":"WebPage","@id":"https:\/\/www.proffis.rs\/poljska\/","url":"https:\/\/www.proffis.rs\/poljska\/","name":"POLJSKA | 30 GODINA VA\u0160EG POVERENJA","isPartOf":{"@id":"https:\/\/www.proffis.rs\/#website"},"datePublished":"2025-11-14T13:47:53+00:00","dateModified":"2025-11-14T14:12:43+00:00","description":"Poljska je dr\u017eava u centralnoj Evropi poznata po bogatoj istoriji, kulturnom nasle\u0111u i dinami\u010dnom ekonomskom razvoju. Glavni grad je Var\u0161ava.","breadcrumb":{"@id":"https:\/\/www.proffis.rs\/poljska\/#breadcrumb"},"inLanguage":"hu","potentialAction":[{"@type":"ReadAction","target":["https:\/\/www.proffis.rs\/poljska\/"]}]},{"@type":"BreadcrumbList","@id":"https:\/\/www.proffis.rs\/poljska\/#breadcrumb","itemListElement":[{"@type":"ListItem","position":1,"name":"Home","item":"https:\/\/www.proffis.rs\/"},{"@type":"ListItem","position":2,"name":"POLJSKA"}]},{"@type":"WebSite","@id":"https:\/\/www.proffis.rs\/#website","url":"https:\/\/www.proffis.rs\/","name":"Proffis","description":"Proffis Turisti\u010dka agencija Subotica","publisher":{"@id":"https:\/\/www.proffis.rs\/#organization"},"alternateName":"Turisti\u010dka agencija Proffis SUBOTICA","potentialAction":[{"@type":"SearchAction","target":{"@type":"EntryPoint","urlTemplate":"https:\/\/www.proffis.rs\/?s={search_term_string}"},"query-input":{"@type":"PropertyValueSpecification","valueRequired":true,"valueName":"search_term_string"}}],"inLanguage":"hu"},{"@type":"Organization","@id":"https:\/\/www.proffis.rs\/#organization","name":"Proffis","url":"https:\/\/www.proffis.rs\/","logo":{"@type":"ImageObject","inLanguage":"hu","@id":"https:\/\/www.proffis.rs\/#\/schema\/logo\/image\/","url":"https:\/\/media.proffis.rs\/2023\/12\/proffis2-removebg.png","contentUrl":"https:\/\/media.proffis.rs\/2023\/12\/proffis2-removebg.png","width":806,"height":310,"caption":"Proffis"},"image":{"@id":"https:\/\/www.proffis.rs\/#\/schema\/logo\/image\/"},"sameAs":["https:\/\/www.facebook.com\/PROFFISSUBOTICA"]},{"@type":"Person","@id":"https:\/\/www.proffis.rs\/#\/schema\/person\/fe57c4522d3b4818d642b3ed8102078e","name":"Proffis","image":{"@type":"ImageObject","inLanguage":"hu","@id":"https:\/\/secure.gravatar.com\/avatar\/d419edbf9f77b6fee9a6205d5570c707c9bcaec37e05e97ccec9d81b646420cf?s=96&d=mm&r=g","url":"https:\/\/secure.gravatar.com\/avatar\/d419edbf9f77b6fee9a6205d5570c707c9bcaec37e05e97ccec9d81b646420cf?s=96&d=mm&r=g","contentUrl":"https:\/\/secure.gravatar.com\/avatar\/d419edbf9f77b6fee9a6205d5570c707c9bcaec37e05e97ccec9d81b646420cf?s=96&d=mm&r=g","caption":"Proffis"},"url":"https:\/\/www.proffis.rs\/hu\/author\/ceda\/"}]}},"_links":{"self":[{"href":"https:\/\/www.proffis.rs\/hu\/wp-json\/wp\/v2\/posts\/346496","targetHints":{"allow":["GET"]}}],"collection":[{"href":"https:\/\/www.proffis.rs\/hu\/wp-json\/wp\/v2\/posts"}],"about":[{"href":"https:\/\/www.proffis.rs\/hu\/wp-json\/wp\/v2\/types\/post"}],"author":[{"embeddable":true,"href":"https:\/\/www.proffis.rs\/hu\/wp-json\/wp\/v2\/users\/2"}],"replies":[{"embeddable":true,"href":"https:\/\/www.proffis.rs\/hu\/wp-json\/wp\/v2\/comments?post=346496"}],"version-history":[{"count":5,"href":"https:\/\/www.proffis.rs\/hu\/wp-json\/wp\/v2\/posts\/346496\/revisions"}],"predecessor-version":[{"id":346531,"href":"https:\/\/www.proffis.rs\/hu\/wp-json\/wp\/v2\/posts\/346496\/revisions\/346531"}],"wp:attachment":[{"href":"https:\/\/www.proffis.rs\/hu\/wp-json\/wp\/v2\/media?parent=346496"}],"wp:term":[{"taxonomy":"category","embeddable":true,"href":"https:\/\/www.proffis.rs\/hu\/wp-json\/wp\/v2\/categories?post=346496"},{"taxonomy":"post_tag","embeddable":true,"href":"https:\/\/www.proffis.rs\/hu\/wp-json\/wp\/v2\/tags?post=346496"}],"curies":[{"name":"wp","href":"https:\/\/api.w.org\/{rel}","templated":true}]}}