{"id":16506,"date":"2023-11-27T10:35:08","date_gmt":"2023-11-27T10:35:08","guid":{"rendered":"https:\/\/www.proffis.rs\/?p=16506"},"modified":"2023-11-27T12:37:42","modified_gmt":"2023-11-27T12:37:42","slug":"auto-draft-4","status":"publish","type":"post","link":"https:\/\/www.proffis.rs\/hu\/auto-draft-4\/","title":{"rendered":"AUSTRIJA"},"content":{"rendered":"<p>[et_pb_section fb_built=&#8220;1&#8243; _builder_version=&#8220;4.19.0&#8243; global_colors_info=&#8220;{}&#8220;][et_pb_row _builder_version=&#8220;4.19.0&#8243; global_colors_info=&#8220;{}&#8220;][et_pb_column type=&#8220;4_4&#8243; _builder_version=&#8220;4.19.0&#8243; global_colors_info=&#8220;{}&#8220;][et_pb_text _builder_version=&#8220;4.19.0&#8243; global_colors_info=&#8220;{}&#8220;]<\/p>\n<h4 style=\"text-align: center;\"><strong>AUSTRIJA<\/strong><\/h4>\n<p style=\"text-align: justify;\">Republika Austrija se nalazi u centralnoj Evropi. Austrija se sastoji od 9 federalnih dr\u017eava. Klima je umerena, sa hladnim zimama i sve\u017eim letima. Glavni grad Austrije je Be\u010d, koji je ujedno i jedna od saveznih dr\u017eava. Broj stanovnika oko 2 miliona. Be\u010d je sme\u0161ten na obalama reke Dunav. Tokom jedne godine Be\u010d poseti oko milion turista. Be\u010d je grad prelepe arhitekture i bogate kulturne ponude. Ovaj nekada carski grad predstavlja jedan od omiljenih turisti\u010dkih destinacija na svetu. Velika muzi\u010dka \u010detvorka \u2013 Hajdn, Mocart, Betoven i \u0160ubert u\u010dinili su ga gradom muzike, ali Be\u010d nije samo grad valcera, prelepih dvoraca i bogatih muzejskih kolekcija ve\u0107 i mesto u kome mo\u017eete u\u017eivati uz zaher tortu, pogledu sa velikog panoramskog to\u010dka ili posetiti jedan od najboljih zoolo\u0161kih vrtova u Evropi.<\/p>\n<p>[\/et_pb_text][et_pb_nextend_smart_slider_3 slider=&#8220;233&#8243; _builder_version=&#8220;4.19.0&#8243; global_colors_info=&#8220;{}&#8220;][\/et_pb_nextend_smart_slider_3][et_pb_blog fullwidth=&#8220;off&#8220; posts_number=&#8220;24&#8243; include_categories=&#8220;34&#8243; excerpt_length=&#8220;130&#8243; show_more=&#8220;on&#8220; show_author=&#8220;off&#8220; show_date=&#8220;off&#8220; show_categories=&#8220;off&#8220; show_pagination=&#8220;off&#8220; use_overlay=&#8220;on&#8220; hover_overlay_color=&#8220;rgba(0,0,0,0.29)&#8220; _builder_version=&#8220;4.19.0&#8243; animation_style=&#8220;slide&#8220; custom_css_main_element=&#8220;||&#8220; custom_css_content=&#8220;height: 190px;||&#8220; custom_css_read_more=&#8220;color: #e09900;||display: block;||text-align:center;||margin-top: 10px;||border: 1px solid #007CC3;||padding: 5px;&#8220; border_width_all_image=&#8220;1px&#8220; border_color_all_image=&#8220;#0c71c3&#8243; box_shadow_style=&#8220;preset3&#8243; box_shadow_horizontal=&#8220;3px&#8220; box_shadow_vertical=&#8220;10px&#8220; box_shadow_spread=&#8220;0px&#8220; box_shadow_color=&#8220;rgba(0,0,0,0.7)&#8220; global_colors_info=&#8220;{}&#8220; box_shadow_horizontal__hover=&#8220;7px&#8220; box_shadow_horizontal__hover_enabled=&#8220;on|hover&#8220;][\/et_pb_blog][\/et_pb_column][\/et_pb_row][\/et_pb_section]<\/p>\n","protected":false},"excerpt":{"rendered":"<p>AUSTRIJA Republika Austrija se nalazi u centralnoj Evropi. Austrija se sastoji od 9 federalnih dr\u017eava. Klima je umerena, sa hladnim zimama i sve\u017eim letima. Glavni grad Austrije je Be\u010d, koji je ujedno i jedna od saveznih dr\u017eava. Broj stanovnika oko 2 miliona. Be\u010d je sme\u0161ten na obalama reke Dunav. Tokom jedne godine Be\u010d poseti oko [&hellip;]<\/p>\n","protected":false},"author":2,"featured_media":0,"comment_status":"closed","ping_status":"closed","sticky":false,"template":"","format":"standard","meta":{"_et_pb_use_builder":"on","_et_pb_old_content":"","_et_gb_content_width":"","footnotes":""},"categories":[1],"tags":[],"class_list":["post-16506","post","type-post","status-publish","format-standard","hentry","category-uncategorized"],"yoast_head":"<!-- This site is optimized with the Yoast SEO plugin v27.3 - https:\/\/yoast.com\/product\/yoast-seo-wordpress\/ -->\n<title>AUSTRIJA | 30 GODINA VA\u0160EG POVERENJA<\/title>\n<meta name=\"robots\" content=\"index, follow, max-snippet:-1, max-image-preview:large, max-video-preview:-1\" \/>\n<link rel=\"canonical\" href=\"https:\/\/www.proffis.rs\/hu\/auto-draft-4\/\" \/>\n<meta property=\"og:locale\" content=\"hu_HU\" \/>\n<meta property=\"og:type\" content=\"article\" \/>\n<meta property=\"og:title\" content=\"AUSTRIJA | 30 GODINA VA\u0160EG POVERENJA\" \/>\n<meta property=\"og:description\" content=\"AUSTRIJA Republika Austrija se nalazi u centralnoj Evropi. Austrija se sastoji od 9 federalnih dr\u017eava. Klima je umerena, sa hladnim zimama i sve\u017eim letima. Glavni grad Austrije je Be\u010d, koji je ujedno i jedna od saveznih dr\u017eava. Broj stanovnika oko 2 miliona. Be\u010d je sme\u0161ten na obalama reke Dunav. Tokom jedne godine Be\u010d poseti oko [&hellip;]\" \/>\n<meta property=\"og:url\" content=\"https:\/\/www.proffis.rs\/hu\/auto-draft-4\/\" \/>\n<meta property=\"og:site_name\" content=\"30 GODINA VA\u0160EG POVERENJA\" \/>\n<meta property=\"article:publisher\" content=\"https:\/\/www.facebook.com\/PROFFISSUBOTICA\" \/>\n<meta property=\"article:published_time\" content=\"2023-11-27T10:35:08+00:00\" \/>\n<meta property=\"article:modified_time\" content=\"2023-11-27T12:37:42+00:00\" \/>\n<meta property=\"og:image\" content=\"https:\/\/media.proffis.rs\/2023\/11\/AUSTRIJA7.jpg\" \/>\n\t<meta property=\"og:image:width\" content=\"925\" \/>\n\t<meta property=\"og:image:height\" content=\"520\" \/>\n\t<meta property=\"og:image:type\" content=\"image\/jpeg\" \/>\n<meta name=\"author\" content=\"Proffis\" \/>\n<meta name=\"twitter:card\" content=\"summary_large_image\" \/>\n<meta name=\"twitter:label1\" content=\"Szerz\u0151:\" \/>\n\t<meta name=\"twitter:data1\" content=\"Proffis\" \/>\n\t<meta name=\"twitter:label2\" content=\"Becs\u00fclt olvas\u00e1si id\u0151\" \/>\n\t<meta name=\"twitter:data2\" content=\"2 perc\" \/>\n<script type=\"application\/ld+json\" class=\"yoast-schema-graph\">{\"@context\":\"https:\\\/\\\/schema.org\",\"@graph\":[{\"@type\":\"Article\",\"@id\":\"https:\\\/\\\/www.proffis.rs\\\/auto-draft-4\\\/#article\",\"isPartOf\":{\"@id\":\"https:\\\/\\\/www.proffis.rs\\\/auto-draft-4\\\/\"},\"author\":{\"name\":\"Proffis\",\"@id\":\"https:\\\/\\\/www.proffis.rs\\\/#\\\/schema\\\/person\\\/fe57c4522d3b4818d642b3ed8102078e\"},\"headline\":\"AUSTRIJA\",\"datePublished\":\"2023-11-27T10:35:08+00:00\",\"dateModified\":\"2023-11-27T12:37:42+00:00\",\"mainEntityOfPage\":{\"@id\":\"https:\\\/\\\/www.proffis.rs\\\/auto-draft-4\\\/\"},\"wordCount\":314,\"publisher\":{\"@id\":\"https:\\\/\\\/www.proffis.rs\\\/#organization\"},\"articleSection\":[\"Uncategorized\"],\"inLanguage\":\"hu\"},{\"@type\":\"WebPage\",\"@id\":\"https:\\\/\\\/www.proffis.rs\\\/auto-draft-4\\\/\",\"url\":\"https:\\\/\\\/www.proffis.rs\\\/auto-draft-4\\\/\",\"name\":\"AUSTRIJA | 30 GODINA VA\u0160EG POVERENJA\",\"isPartOf\":{\"@id\":\"https:\\\/\\\/www.proffis.rs\\\/#website\"},\"datePublished\":\"2023-11-27T10:35:08+00:00\",\"dateModified\":\"2023-11-27T12:37:42+00:00\",\"breadcrumb\":{\"@id\":\"https:\\\/\\\/www.proffis.rs\\\/auto-draft-4\\\/#breadcrumb\"},\"inLanguage\":\"hu\",\"potentialAction\":[{\"@type\":\"ReadAction\",\"target\":[\"https:\\\/\\\/www.proffis.rs\\\/auto-draft-4\\\/\"]}]},{\"@type\":\"BreadcrumbList\",\"@id\":\"https:\\\/\\\/www.proffis.rs\\\/auto-draft-4\\\/#breadcrumb\",\"itemListElement\":[{\"@type\":\"ListItem\",\"position\":1,\"name\":\"Home\",\"item\":\"https:\\\/\\\/www.proffis.rs\\\/\"},{\"@type\":\"ListItem\",\"position\":2,\"name\":\"AUSTRIJA\"}]},{\"@type\":\"WebSite\",\"@id\":\"https:\\\/\\\/www.proffis.rs\\\/#website\",\"url\":\"https:\\\/\\\/www.proffis.rs\\\/\",\"name\":\"Proffis\",\"description\":\"Proffis Turisti\u010dka agencija Subotica\",\"publisher\":{\"@id\":\"https:\\\/\\\/www.proffis.rs\\\/#organization\"},\"alternateName\":\"Turisti\u010dka agencija Proffis SUBOTICA\",\"potentialAction\":[{\"@type\":\"SearchAction\",\"target\":{\"@type\":\"EntryPoint\",\"urlTemplate\":\"https:\\\/\\\/www.proffis.rs\\\/?s={search_term_string}\"},\"query-input\":{\"@type\":\"PropertyValueSpecification\",\"valueRequired\":true,\"valueName\":\"search_term_string\"}}],\"inLanguage\":\"hu\"},{\"@type\":\"Organization\",\"@id\":\"https:\\\/\\\/www.proffis.rs\\\/#organization\",\"name\":\"Proffis\",\"url\":\"https:\\\/\\\/www.proffis.rs\\\/\",\"logo\":{\"@type\":\"ImageObject\",\"inLanguage\":\"hu\",\"@id\":\"https:\\\/\\\/www.proffis.rs\\\/#\\\/schema\\\/logo\\\/image\\\/\",\"url\":\"https:\\\/\\\/media.proffis.rs\\\/2023\\\/12\\\/proffis2-removebg.png\",\"contentUrl\":\"https:\\\/\\\/media.proffis.rs\\\/2023\\\/12\\\/proffis2-removebg.png\",\"width\":806,\"height\":310,\"caption\":\"Proffis\"},\"image\":{\"@id\":\"https:\\\/\\\/www.proffis.rs\\\/#\\\/schema\\\/logo\\\/image\\\/\"},\"sameAs\":[\"https:\\\/\\\/www.facebook.com\\\/PROFFISSUBOTICA\"]},{\"@type\":\"Person\",\"@id\":\"https:\\\/\\\/www.proffis.rs\\\/#\\\/schema\\\/person\\\/fe57c4522d3b4818d642b3ed8102078e\",\"name\":\"Proffis\",\"image\":{\"@type\":\"ImageObject\",\"inLanguage\":\"hu\",\"@id\":\"https:\\\/\\\/secure.gravatar.com\\\/avatar\\\/d419edbf9f77b6fee9a6205d5570c707c9bcaec37e05e97ccec9d81b646420cf?s=96&d=mm&r=g\",\"url\":\"https:\\\/\\\/secure.gravatar.com\\\/avatar\\\/d419edbf9f77b6fee9a6205d5570c707c9bcaec37e05e97ccec9d81b646420cf?s=96&d=mm&r=g\",\"contentUrl\":\"https:\\\/\\\/secure.gravatar.com\\\/avatar\\\/d419edbf9f77b6fee9a6205d5570c707c9bcaec37e05e97ccec9d81b646420cf?s=96&d=mm&r=g\",\"caption\":\"Proffis\"},\"url\":\"https:\\\/\\\/www.proffis.rs\\\/hu\\\/author\\\/ceda\\\/\"}]}<\/script>\n<!-- \/ Yoast SEO plugin. -->","yoast_head_json":{"title":"AUSTRIJA | 30 GODINA VA\u0160EG POVERENJA","robots":{"index":"index","follow":"follow","max-snippet":"max-snippet:-1","max-image-preview":"max-image-preview:large","max-video-preview":"max-video-preview:-1"},"canonical":"https:\/\/www.proffis.rs\/hu\/auto-draft-4\/","og_locale":"hu_HU","og_type":"article","og_title":"AUSTRIJA | 30 GODINA VA\u0160EG POVERENJA","og_description":"AUSTRIJA Republika Austrija se nalazi u centralnoj Evropi. Austrija se sastoji od 9 federalnih dr\u017eava. Klima je umerena, sa hladnim zimama i sve\u017eim letima. Glavni grad Austrije je Be\u010d, koji je ujedno i jedna od saveznih dr\u017eava. Broj stanovnika oko 2 miliona. Be\u010d je sme\u0161ten na obalama reke Dunav. Tokom jedne godine Be\u010d poseti oko [&hellip;]","og_url":"https:\/\/www.proffis.rs\/hu\/auto-draft-4\/","og_site_name":"30 GODINA VA\u0160EG POVERENJA","article_publisher":"https:\/\/www.facebook.com\/PROFFISSUBOTICA","article_published_time":"2023-11-27T10:35:08+00:00","article_modified_time":"2023-11-27T12:37:42+00:00","og_image":[{"width":925,"height":520,"url":"https:\/\/media.proffis.rs\/2023\/11\/AUSTRIJA7.jpg","type":"image\/jpeg"}],"author":"Proffis","twitter_card":"summary_large_image","twitter_misc":{"Szerz\u0151:":"Proffis","Becs\u00fclt olvas\u00e1si id\u0151":"2 perc"},"schema":{"@context":"https:\/\/schema.org","@graph":[{"@type":"Article","@id":"https:\/\/www.proffis.rs\/auto-draft-4\/#article","isPartOf":{"@id":"https:\/\/www.proffis.rs\/auto-draft-4\/"},"author":{"name":"Proffis","@id":"https:\/\/www.proffis.rs\/#\/schema\/person\/fe57c4522d3b4818d642b3ed8102078e"},"headline":"AUSTRIJA","datePublished":"2023-11-27T10:35:08+00:00","dateModified":"2023-11-27T12:37:42+00:00","mainEntityOfPage":{"@id":"https:\/\/www.proffis.rs\/auto-draft-4\/"},"wordCount":314,"publisher":{"@id":"https:\/\/www.proffis.rs\/#organization"},"articleSection":["Uncategorized"],"inLanguage":"hu"},{"@type":"WebPage","@id":"https:\/\/www.proffis.rs\/auto-draft-4\/","url":"https:\/\/www.proffis.rs\/auto-draft-4\/","name":"AUSTRIJA | 30 GODINA VA\u0160EG POVERENJA","isPartOf":{"@id":"https:\/\/www.proffis.rs\/#website"},"datePublished":"2023-11-27T10:35:08+00:00","dateModified":"2023-11-27T12:37:42+00:00","breadcrumb":{"@id":"https:\/\/www.proffis.rs\/auto-draft-4\/#breadcrumb"},"inLanguage":"hu","potentialAction":[{"@type":"ReadAction","target":["https:\/\/www.proffis.rs\/auto-draft-4\/"]}]},{"@type":"BreadcrumbList","@id":"https:\/\/www.proffis.rs\/auto-draft-4\/#breadcrumb","itemListElement":[{"@type":"ListItem","position":1,"name":"Home","item":"https:\/\/www.proffis.rs\/"},{"@type":"ListItem","position":2,"name":"AUSTRIJA"}]},{"@type":"WebSite","@id":"https:\/\/www.proffis.rs\/#website","url":"https:\/\/www.proffis.rs\/","name":"Proffis","description":"Proffis Turisti\u010dka agencija Subotica","publisher":{"@id":"https:\/\/www.proffis.rs\/#organization"},"alternateName":"Turisti\u010dka agencija Proffis SUBOTICA","potentialAction":[{"@type":"SearchAction","target":{"@type":"EntryPoint","urlTemplate":"https:\/\/www.proffis.rs\/?s={search_term_string}"},"query-input":{"@type":"PropertyValueSpecification","valueRequired":true,"valueName":"search_term_string"}}],"inLanguage":"hu"},{"@type":"Organization","@id":"https:\/\/www.proffis.rs\/#organization","name":"Proffis","url":"https:\/\/www.proffis.rs\/","logo":{"@type":"ImageObject","inLanguage":"hu","@id":"https:\/\/www.proffis.rs\/#\/schema\/logo\/image\/","url":"https:\/\/media.proffis.rs\/2023\/12\/proffis2-removebg.png","contentUrl":"https:\/\/media.proffis.rs\/2023\/12\/proffis2-removebg.png","width":806,"height":310,"caption":"Proffis"},"image":{"@id":"https:\/\/www.proffis.rs\/#\/schema\/logo\/image\/"},"sameAs":["https:\/\/www.facebook.com\/PROFFISSUBOTICA"]},{"@type":"Person","@id":"https:\/\/www.proffis.rs\/#\/schema\/person\/fe57c4522d3b4818d642b3ed8102078e","name":"Proffis","image":{"@type":"ImageObject","inLanguage":"hu","@id":"https:\/\/secure.gravatar.com\/avatar\/d419edbf9f77b6fee9a6205d5570c707c9bcaec37e05e97ccec9d81b646420cf?s=96&d=mm&r=g","url":"https:\/\/secure.gravatar.com\/avatar\/d419edbf9f77b6fee9a6205d5570c707c9bcaec37e05e97ccec9d81b646420cf?s=96&d=mm&r=g","contentUrl":"https:\/\/secure.gravatar.com\/avatar\/d419edbf9f77b6fee9a6205d5570c707c9bcaec37e05e97ccec9d81b646420cf?s=96&d=mm&r=g","caption":"Proffis"},"url":"https:\/\/www.proffis.rs\/hu\/author\/ceda\/"}]}},"_links":{"self":[{"href":"https:\/\/www.proffis.rs\/hu\/wp-json\/wp\/v2\/posts\/16506","targetHints":{"allow":["GET"]}}],"collection":[{"href":"https:\/\/www.proffis.rs\/hu\/wp-json\/wp\/v2\/posts"}],"about":[{"href":"https:\/\/www.proffis.rs\/hu\/wp-json\/wp\/v2\/types\/post"}],"author":[{"embeddable":true,"href":"https:\/\/www.proffis.rs\/hu\/wp-json\/wp\/v2\/users\/2"}],"replies":[{"embeddable":true,"href":"https:\/\/www.proffis.rs\/hu\/wp-json\/wp\/v2\/comments?post=16506"}],"version-history":[{"count":7,"href":"https:\/\/www.proffis.rs\/hu\/wp-json\/wp\/v2\/posts\/16506\/revisions"}],"predecessor-version":[{"id":16578,"href":"https:\/\/www.proffis.rs\/hu\/wp-json\/wp\/v2\/posts\/16506\/revisions\/16578"}],"wp:attachment":[{"href":"https:\/\/www.proffis.rs\/hu\/wp-json\/wp\/v2\/media?parent=16506"}],"wp:term":[{"taxonomy":"category","embeddable":true,"href":"https:\/\/www.proffis.rs\/hu\/wp-json\/wp\/v2\/categories?post=16506"},{"taxonomy":"post_tag","embeddable":true,"href":"https:\/\/www.proffis.rs\/hu\/wp-json\/wp\/v2\/tags?post=16506"}],"curies":[{"name":"wp","href":"https:\/\/api.w.org\/{rel}","templated":true}]}}