{"id":15128,"date":"2022-10-27T13:26:31","date_gmt":"2022-10-27T13:26:31","guid":{"rendered":"http:\/\/www.proffis.rs\/?p=15128"},"modified":"2025-11-25T12:33:45","modified_gmt":"2025-11-25T12:33:45","slug":"aparthotel-vucko","status":"publish","type":"post","link":"https:\/\/www.proffis.rs\/hu\/aparthotel-vucko\/","title":{"rendered":"APARTHOTEL VU\u010cKO"},"content":{"rendered":"<p>[et_pb_section fb_built=&#8220;1&#8243; admin_label=&#8220;section&#8220; _builder_version=&#8220;4.16&#8243; global_colors_info=&#8220;{}&#8220;][et_pb_row admin_label=&#8220;row&#8220; _builder_version=&#8220;4.16&#8243; background_size=&#8220;initial&#8220; background_position=&#8220;top_left&#8220; background_repeat=&#8220;repeat&#8220; global_colors_info=&#8220;{}&#8220;][et_pb_column type=&#8220;4_4&#8243; _builder_version=&#8220;4.16&#8243; custom_padding=&#8220;|||&#8220; global_colors_info=&#8220;{}&#8220; custom_padding__hover=&#8220;|||&#8220;][et_pb_text _builder_version=&#8220;4.23.1&#8243; global_colors_info=&#8220;{}&#8220;]<\/p>\n<h4 style=\"text-align: center;\">Aparthotel Vu\u010dko<\/h4>\n<p>Aparthotel Vu\u010dko na Jahorini pravi je izbor za sve jugonostalgi\u010dare i ljubitelje zimskih sportova. Hotel je pet friendly i posebno se preporu\u010duje za porodi\u010dno zimovanje. Rezervi\u0161ite sobu u hotelu sa 4 zvezdice, sa spa &amp; wellness centrom i svim modernim sadr\u017eajima potrebnim za pravi odmor.<\/p>\n<p>Hotelsko apartmanski kompleks Wellness &amp; Spa Aparthotel VU\u010cKO sme\u0161tan je u samom centru Jahorine na 1.520 m nadmorske visine.<br \/>Aparthotel Vu\u010dko je nastavio tradiciju ekskluzivnog hotela izgra\u0111enog za potrebe Olimpijskih igara u Sarajevu \u201cZOI \u201984.\u201d i dobio ime po zvani\u010dnoj maskoti XIV ZOI. U samom centru turisti\u010dkog kompleksa, Vu\u010dko nudi gostima vrhunski smje\u0161taj i uslugu kao i niz sadr\u017eaja za ljep\u0161i i ugodniji odmor.<\/p>\n<p>Lokacija: Aparthotel Vu\u010dko<\/p>\n<p>Vi\u0161e o mestu: Jahorina<\/p>\n<p>Va\u0161e zimovanje sa Turisti\u010dkom agencijom Supernova mo\u017ee da po\u010dne!<\/p>\n<p>[\/et_pb_text][\/et_pb_column][\/et_pb_row][et_pb_row _builder_version=&#8220;4.16&#8243; global_colors_info=&#8220;{}&#8220;][et_pb_column type=&#8220;4_4&#8243; _builder_version=&#8220;4.16&#8243; global_colors_info=&#8220;{}&#8220;][et_pb_nextend_smart_slider_3 slider=&#8220;309&#8243; _builder_version=&#8220;4.14.4&#8243; custom_css_main_element=&#8220;padding-left:15%;||padding-right:15%;&#8220; global_colors_info=&#8220;{}&#8220;][\/et_pb_nextend_smart_slider_3][\/et_pb_column][\/et_pb_row][et_pb_row _builder_version=&#8220;4.16&#8243; global_colors_info=&#8220;{}&#8220;][et_pb_column type=&#8220;4_4&#8243; _builder_version=&#8220;4.16&#8243; global_colors_info=&#8220;{}&#8220;][et_pb_text _builder_version=&#8220;4.23.1&#8243; global_colors_info=&#8220;{}&#8220;]<\/p>\n<p><strong>Sadr\u017eaj hotela:<\/strong><\/p>\n<p>Paradizo loby bar, restoran, vinoteka sa velikim izborom vina iz celog sveta, poslasti\u010darnica, wellness centar na 720 m2, sala za seminare i prezentacije, \u010duvanje dece, prodavnica sa suvenirima i dnevnom \u0161tampom, menja\u010dnica, ski servis, ski rental, iznajmljivanje bicikala, sportski tereni za tenis, ko\u0161arka\u0161ku, mali fudbal i odbojku.<\/p>\n<p>Wellness&amp;Spa Oaza u Aparthotelu Vu\u010dko na Jahorini, se prostire na 700m2, na \u010distom vazduhu sa bistrom izvorskom vodom i fantasti\u010dnim pogledom na borovu i jelovu \u0161umu. Sadr\u017eaji: hidromasa\u017ei veliki whirlpool, terapeutske i relax masa\u017ee, saune, parno kupatilo, fitnes.<\/p>\n<p>[\/et_pb_text][et_pb_image _builder_version=&#8220;4.23.1&#8243; _module_preset=&#8220;default&#8220; title_text=&#8220;APARTHTL VUCKO JAHORINA&#8220; src=&#8220;https:\/\/media.proffis.rs\/2022\/10\/APARTHTL-VUCKO-JAHORINA.png&#8220; hover_enabled=&#8220;0&#8243; sticky_enabled=&#8220;0&#8243;][\/et_pb_image][et_pb_text _builder_version=&#8220;4.23.1&#8243; global_colors_info=&#8220;{}&#8220;]<\/p>\n<p>Subagent prodaje turisti\u010dkog putovanja u ime i za ra\u010dun organizatora putovanja pod istim uslovima kao i organizator putovanja.<br \/>Organizator putovanja Turisti\u010dka agencija Supernova Travel Licenca A, OTP 196\/2021.<br \/>Za ovo putovanje va\u017ee op\u0161ti uslovi putovanja T. A. Supernova Travel.<\/p>\n<p>[\/et_pb_text][\/et_pb_column][\/et_pb_row][et_pb_row column_structure=&#8220;1_3,1_3,1_3&#8243; _builder_version=&#8220;4.16&#8243; global_colors_info=&#8220;{}&#8220;][et_pb_column type=&#8220;1_3&#8243; _builder_version=&#8220;4.16&#8243; global_colors_info=&#8220;{}&#8220;][et_pb_button button_url=&#8220;https:\/\/media.proffis.rs\/2025\/11\/jahorina.pdf&#8220; url_new_window=&#8220;on&#8220; button_text=&#8220;JAHORINA &#8211; ZIMA 2025\/2026&#8243; button_alignment=&#8220;center&#8220; _builder_version=&#8220;4.23.1&#8243; global_colors_info=&#8220;{}&#8220;][\/et_pb_button][\/et_pb_column][et_pb_column type=&#8220;1_3&#8243; _builder_version=&#8220;4.16&#8243; global_colors_info=&#8220;{}&#8220;][et_pb_button button_url=&#8220;http:\/\/WWW.PROFFIS.RS\/KONTAKT&#8220; button_text=&#8220;KONTAKTIRAJTE NAS&#8220; button_alignment=&#8220;center&#8220; _builder_version=&#8220;4.16&#8243; _module_preset=&#8220;default&#8220; global_colors_info=&#8220;{}&#8220;][\/et_pb_button][\/et_pb_column][et_pb_column type=&#8220;1_3&#8243; _builder_version=&#8220;4.16&#8243; global_colors_info=&#8220;{}&#8220;][et_pb_button button_url=&#8220;mailto:info@proffis.rs&#8220; url_new_window=&#8220;on&#8220; button_text=&#8220;ONLINE UPIT&#8220; button_alignment=&#8220;right&#8220; _builder_version=&#8220;4.16&#8243; global_colors_info=&#8220;{}&#8220;][\/et_pb_button][\/et_pb_column][\/et_pb_row][et_pb_row _builder_version=&#8220;4.16&#8243; global_colors_info=&#8220;{}&#8220;][et_pb_column type=&#8220;4_4&#8243; _builder_version=&#8220;4.16&#8243; global_colors_info=&#8220;{}&#8220;][et_pb_tabs _builder_version=&#8220;4.23.1&#8243; global_colors_info=&#8220;{}&#8220;][et_pb_tab title=&#8220;OPIS SME\u0160TAJA&#8220; _builder_version=&#8220;4.23.1&#8243; global_colors_info=&#8220;{}&#8220;]<\/p>\n<p>U Apart hotelu VU\u010cKO sve sobe su komforne, opremljene po meri sa:<br \/>&#8211; Info star TV,<br \/>&#8211; telefonima sa direktnim biranjem vanjskih linija,<br \/>&#8211; besplatnim be\u017ei\u010dnim internetom,<br \/>&#8211; fenom,<br \/>&#8211; mini barom,<br \/>&#8211; sigurnosnim sefom&#8230;<\/p>\n<p>U hotelu su 2 sobe opremljene prema potrebama osoba sa invaliditetom.<\/p>\n<p>VU\u010cKO &#8211; DEPADANS:<\/p>\n<p>Standard soba: Dvokrevetna soba sa francuskim le\u017eajem za dve osobe.<\/p>\n<p>Standard apartman: Sastoji se od dve odvojene prostorije sa francuskim le\u017eajem i sofom na razvla\u010denje za 2 do 4 osobe.<\/p>\n<p>VU\u010cKO &#8211; CENTRALNI DEO:<\/p>\n<p>Superior soba: komforne sobe koje imaju jednu prostoriju sa francuskim le\u017eajem, a nekoliko soba u svom sastavu ima i dodatnu prostoriju sa jednim singl le\u017eajem. Broj osoba koje mogu boraviti u ovom tipu apartmana je: 2, maksimalno 3 osobe.<\/p>\n<p>Superior apartman: Sastoji se od dve odvojene prostorije sa francuskim le\u017eajem i sofom na razvla\u010denje, ili sa 2 francuska le\u017eaja. Broj osoba koju mogu boraviti u ovom tipu apartmana: od 2 do 4 osobe.<\/p>\n<p>VU\u010cKO &#8211; A &amp; B BLOK<\/p>\n<p>Lux soba +: (francuski le\u017eaj+singl le\u017eaj)<br \/>Dvokrevetne sobe, veoma komforne. Sve sobe imaju jednu prostoriju sa francuskim le\u017eajem i dodatnu prostoriju sa jednim singl le\u017eajem. Broj odraslih osoba koje mogu boraviti u ovom tipu sobe je troje.<\/p>\n<p>Lux Apartman: (francuski le\u017eaj + sofa na razvla\u010denje)<br \/>Sastoji se od jedne spava\u0107e sobe i dnevne sobe u kojoj se nalazi sofa na razvla\u010denje. Maksimalan broj odraslih osoba koje mogu da borave u ovom tipu apartmana je 4. Apartmani imaju i svoju mini kuhinju.<\/p>\n<p>Lux apartman Vu\u010dko: (francuski + 3 singl le\u017eaja )<br \/>Vu\u010dko 5 porodi\u010dne sobe sastoje se od spava\u0107eg dijela sa francuskim krevetom, dodatna tri kreveta za po jednu osobu u 3 odvojene prostorije (dnevna, spava\u0107a, dodatna soba), neke dnevne sobe imaju sofu na razvla\u010denje za dodatne dve osobe. Maksimalni kapacitet je od 5 do 7 osoba.<\/p>\n<p>Lux apartman Family: (francuski le\u017eaj + 1 single le\u017eaj + sofa)<br \/>Vu\u010dko 3+2 porodi\u010dne sobe sastoje se od glavne sobe sa francuskim krevetom, sobe za jednu osobu i sofe na razvla\u010denje u sklopu glavne sobe, gde se mo\u017ee smestiti jo\u0161 dve osobe. Broj soba u ovom tipu apartmana kre\u0107e se od dve do tri a maksimalan broj osoba je pet.<\/p>\n<p>[\/et_pb_tab][et_pb_tab title=&#8220;CENOVNIK NAPOMENE&#8220; _builder_version=&#8220;4.23.1&#8243; global_colors_info=&#8220;{}&#8220;]<\/p>\n<p><strong>CENA UKLJU\u010cUJE:<\/strong><\/p>\n<ul>\n<li>navedene cene su po osobi, po no\u0107i;<\/li>\n<li>sme\u0161taj je na bazi polupansiona (doru\u010dak i ve\u010dera, poslu\u017eenje \u0161vedski sto &#8211; ukoliko uslugu u hotelu koristi vi\u0161e od 20 gostiju);<\/li>\n<li>kori\u0161\u0107enje fitnes centra;<\/li>\n<li>wi-fi;<\/li>\n<li>parking mesto pod obezbe\u0111enjem;<\/li>\n<li>prijava gostiju je od 15h, odjava do 11h.<\/li>\n<\/ul>\n<p><strong>CENA NE UKLJU\u010cUJE:<\/strong><\/p>\n<ul>\n<li>boravi\u0161na taksa i osiguranje nisu uklju\u010deni u cenu sme\u0161taja i iznose 1,9 EUR po osobi po danu. Deca 0-12 godina 0,3 EUR po osobi po danu.<\/li>\n<\/ul>\n<p><strong>MINIMALNI BORAVAK:<\/strong><\/p>\n<ul>\n<li>Minimalni boravak\u00a0<strong>u periodu Nove godine je<\/strong>\u00a0<strong>4 no\u0107enja<\/strong>\u00a0i to u terminu od 28.12.2025. &#8211; 05.01.2026.<\/li>\n<li>Minimalni boravak\u00a0<strong>za sve ostale periode je 3 no\u0107enja<\/strong>, a izuzetak se pravi kada hotel nema vi\u0161e na raspolaganju sme\u0161tajne jedinice na 3 no\u0107enja.<\/li>\n<\/ul>\n<p><strong>POPUSTI:<\/strong><br \/>\u00a0 \u00a0 deca od 0-5,99 godina borave gratis uz pratnju dve odrasle osobe;<br \/>\u00a0 \u00a0 deca od 6-11,99 godina ostvaruju 50% popusta uz pratnju dve odrasle osobe;<br \/>\u00a0 \u00a0 kada u obra\u010dun ulaze 3 i 3,5 cene (odrasli i plete\u017ena deca bilo kog uzrasta) obra\u010dunava se 15% popusta<br \/>\u00a0 \u00a0 kada u obra\u010dun ulaze 4 i 4,5 cene (odrasli i plete\u017ena deca bilo kog uzrasta) obra\u010dunava se 25% popusta<br \/>\u00a0 \u00a0 kada u obra\u010dun ulazi 5 i vi\u0161e od 5 cena (odrasli i plete\u017ena deca bilo kog uzrasta) obra\u010dunava se 30% popusta.<\/p>\n<p>Napomana &#8211; plate\u017enost za decu se odre\u0111uje spram gore navedenog uzrasta.<\/p>\n<p><strong>DOPLATE:<\/strong><\/p>\n<ul>\n<li>doplata za jednokrevetnu sobu iznosi 100%<\/li>\n<li>krevetac &#8211; 11 EUR po no\u0107enju, spram raspolo\u017eivosti;<\/li>\n<li>ku\u0107ni ljubimci 35 EUR po boravku<\/li>\n<li>gara\u017eno mesto 26 EUR po danu po vozilu<\/li>\n<li>osoba na dodatnom pomo\u0107nom le\u017eaju (mogu\u0107e fotelja na rasklapanje), ukoliko je raspolo\u017eiv i ukoliko mo\u017ee da se smesti u sobu\/app &#8211; po le\u017eaju cena iznosi: 52 EUR za odrasle osobe, a za decu uzrasta od 6-11,99 godina: 26 EUR.<\/li>\n<li><strong>period Nove godine<\/strong>\u00a028.12.2025. &#8211; 05.01.2026. potrebno je uplatiti 100% od ukupnog iznosa cene aran\u017emana. Ostali periodi prema uslovima pla\u0107anja.<\/li>\n<li><strong>obavezna doplata za Novogodi\u0161nju sve\u010danu ve\u010deru<\/strong>\u00a0je\u00a0<strong>130 EUR<\/strong>\u00a0po osobi i ona je obavezna. Za decu od 6 do 12 godina\u00a0<strong>65EUR<\/strong>\u00a0po detetu &#8211; nije obavezna. Za decu mla\u0111u od 6 godina proslava Nove godine ne uklju\u010duje mesto u restoranu, ve\u0107 \u0107e biti organizovana proslava u de\u010dijoj igraonici.<\/li>\n<li>za ranu prijavu ili kasnu odjavu iz hotela, doplata iznosi 52 EUR, spram raspolo\u017eivosti.<\/li>\n<\/ul>\n<p>[\/et_pb_tab][\/et_pb_tabs][\/et_pb_column][\/et_pb_row][et_pb_row _builder_version=&#8220;4.16&#8243; _module_preset=&#8220;default&#8220; global_colors_info=&#8220;{}&#8220;][et_pb_column type=&#8220;4_4&#8243; _builder_version=&#8220;4.16&#8243; _module_preset=&#8220;default&#8220; global_colors_info=&#8220;{}&#8220;][et_pb_text _builder_version=&#8220;4.16&#8243; _module_preset=&#8220;default&#8220; global_colors_info=&#8220;{}&#8220;]<\/p>\n<h3 style=\"text-align: center;\"><strong>SLI\u010cNO U PONUDI &#8211; JAHORINA ZIMOVANJE<\/strong><\/h3>\n<p>[\/et_pb_text][et_pb_blog fullwidth=&#8220;off&#8220; posts_number=&#8220;3&#8243; include_categories=&#8220;57&#8243; excerpt_length=&#8220;150&#8243; _builder_version=&#8220;4.19.0&#8243; _module_preset=&#8220;default&#8220; global_colors_info=&#8220;{}&#8220;][\/et_pb_blog][\/et_pb_column][\/et_pb_row][\/et_pb_section]<\/p>\n","protected":false},"excerpt":{"rendered":"<p>Aparthotel Vu\u010dko Aparthotel Vu\u010dko na Jahorini pravi je izbor za sve jugonostalgi\u010dare i ljubitelje zimskih sportova. Hotel je pet friendly i posebno se preporu\u010duje za porodi\u010dno zimovanje. Rezervi\u0161ite sobu u hotelu sa 4 zvezdice, sa spa &amp; wellness centrom i svim modernim sadr\u017eajima potrebnim za pravi odmor. Hotelsko apartmanski kompleks Wellness &amp; Spa Aparthotel VU\u010cKO [&hellip;]<\/p>\n","protected":false},"author":2,"featured_media":15132,"comment_status":"closed","ping_status":"closed","sticky":false,"template":"","format":"standard","meta":{"_et_pb_use_builder":"on","_et_pb_old_content":"","_et_gb_content_width":"","footnotes":""},"categories":[57],"tags":[],"class_list":["post-15128","post","type-post","status-publish","format-standard","has-post-thumbnail","hentry","category-jahorina"],"yoast_head":"<!-- This site is optimized with the Yoast SEO plugin v27.3 - https:\/\/yoast.com\/product\/yoast-seo-wordpress\/ -->\n<title>APARTHOTEL VU\u010cKO | 30 GODINA VA\u0160EG POVERENJA<\/title>\n<meta name=\"description\" content=\"Novoizgra\u0111eni Aparthotel \u201cVU\u010cKO\u201d nastavio je tradiciju ekskluzivnog hotela izgra\u0111enog za potrebe Olimpijskih igara u Sarajevu \u201cZOI \u201884.\u201d.\" \/>\n<meta name=\"robots\" content=\"index, follow, max-snippet:-1, max-image-preview:large, max-video-preview:-1\" \/>\n<link rel=\"canonical\" href=\"https:\/\/www.proffis.rs\/hu\/aparthotel-vucko\/\" \/>\n<meta property=\"og:locale\" content=\"hu_HU\" \/>\n<meta property=\"og:type\" content=\"article\" \/>\n<meta property=\"og:title\" content=\"APARTHOTEL VU\u010cKO | 30 GODINA VA\u0160EG POVERENJA\" \/>\n<meta property=\"og:description\" content=\"Novoizgra\u0111eni Aparthotel \u201cVU\u010cKO\u201d nastavio je tradiciju ekskluzivnog hotela izgra\u0111enog za potrebe Olimpijskih igara u Sarajevu \u201cZOI \u201884.\u201d.\" \/>\n<meta property=\"og:url\" content=\"https:\/\/www.proffis.rs\/hu\/aparthotel-vucko\/\" \/>\n<meta property=\"og:site_name\" content=\"30 GODINA VA\u0160EG POVERENJA\" \/>\n<meta property=\"article:publisher\" content=\"https:\/\/www.facebook.com\/PROFFISSUBOTICA\" \/>\n<meta property=\"article:published_time\" content=\"2022-10-27T13:26:31+00:00\" \/>\n<meta property=\"article:modified_time\" content=\"2025-11-25T12:33:45+00:00\" \/>\n<meta property=\"og:image\" content=\"https:\/\/media.proffis.rs\/2022\/10\/aparthotel-vucko-1683-837a.jpg\" \/>\n\t<meta property=\"og:image:width\" content=\"1000\" \/>\n\t<meta property=\"og:image:height\" content=\"667\" \/>\n\t<meta property=\"og:image:type\" content=\"image\/jpeg\" \/>\n<meta name=\"author\" content=\"Proffis\" \/>\n<meta name=\"twitter:card\" content=\"summary_large_image\" \/>\n<meta name=\"twitter:label1\" content=\"Szerz\u0151:\" \/>\n\t<meta name=\"twitter:data1\" content=\"Proffis\" \/>\n\t<meta name=\"twitter:label2\" content=\"Becs\u00fclt olvas\u00e1si id\u0151\" \/>\n\t<meta name=\"twitter:data2\" content=\"5 perc\" \/>\n<script type=\"application\/ld+json\" class=\"yoast-schema-graph\">{\"@context\":\"https:\\\/\\\/schema.org\",\"@graph\":[{\"@type\":\"Article\",\"@id\":\"https:\\\/\\\/www.proffis.rs\\\/aparthotel-vucko\\\/#article\",\"isPartOf\":{\"@id\":\"https:\\\/\\\/www.proffis.rs\\\/aparthotel-vucko\\\/\"},\"author\":{\"name\":\"Proffis\",\"@id\":\"https:\\\/\\\/www.proffis.rs\\\/#\\\/schema\\\/person\\\/fe57c4522d3b4818d642b3ed8102078e\"},\"headline\":\"APARTHOTEL VU\u010cKO\",\"datePublished\":\"2022-10-27T13:26:31+00:00\",\"dateModified\":\"2025-11-25T12:33:45+00:00\",\"mainEntityOfPage\":{\"@id\":\"https:\\\/\\\/www.proffis.rs\\\/aparthotel-vucko\\\/\"},\"wordCount\":1502,\"publisher\":{\"@id\":\"https:\\\/\\\/www.proffis.rs\\\/#organization\"},\"image\":{\"@id\":\"https:\\\/\\\/www.proffis.rs\\\/aparthotel-vucko\\\/#primaryimage\"},\"thumbnailUrl\":\"https:\\\/\\\/media.proffis.rs\\\/2022\\\/10\\\/aparthotel-vucko-1683-837a.jpg\",\"articleSection\":[\"Jahorina\"],\"inLanguage\":\"hu\"},{\"@type\":\"WebPage\",\"@id\":\"https:\\\/\\\/www.proffis.rs\\\/aparthotel-vucko\\\/\",\"url\":\"https:\\\/\\\/www.proffis.rs\\\/aparthotel-vucko\\\/\",\"name\":\"APARTHOTEL VU\u010cKO | 30 GODINA VA\u0160EG POVERENJA\",\"isPartOf\":{\"@id\":\"https:\\\/\\\/www.proffis.rs\\\/#website\"},\"primaryImageOfPage\":{\"@id\":\"https:\\\/\\\/www.proffis.rs\\\/aparthotel-vucko\\\/#primaryimage\"},\"image\":{\"@id\":\"https:\\\/\\\/www.proffis.rs\\\/aparthotel-vucko\\\/#primaryimage\"},\"thumbnailUrl\":\"https:\\\/\\\/media.proffis.rs\\\/2022\\\/10\\\/aparthotel-vucko-1683-837a.jpg\",\"datePublished\":\"2022-10-27T13:26:31+00:00\",\"dateModified\":\"2025-11-25T12:33:45+00:00\",\"description\":\"Novoizgra\u0111eni Aparthotel \u201cVU\u010cKO\u201d nastavio je tradiciju ekskluzivnog hotela izgra\u0111enog za potrebe Olimpijskih igara u Sarajevu \u201cZOI \u201884.\u201d.\",\"breadcrumb\":{\"@id\":\"https:\\\/\\\/www.proffis.rs\\\/aparthotel-vucko\\\/#breadcrumb\"},\"inLanguage\":\"hu\",\"potentialAction\":[{\"@type\":\"ReadAction\",\"target\":[\"https:\\\/\\\/www.proffis.rs\\\/aparthotel-vucko\\\/\"]}]},{\"@type\":\"ImageObject\",\"inLanguage\":\"hu\",\"@id\":\"https:\\\/\\\/www.proffis.rs\\\/aparthotel-vucko\\\/#primaryimage\",\"url\":\"https:\\\/\\\/media.proffis.rs\\\/2022\\\/10\\\/aparthotel-vucko-1683-837a.jpg\",\"contentUrl\":\"https:\\\/\\\/media.proffis.rs\\\/2022\\\/10\\\/aparthotel-vucko-1683-837a.jpg\",\"width\":1000,\"height\":667},{\"@type\":\"BreadcrumbList\",\"@id\":\"https:\\\/\\\/www.proffis.rs\\\/aparthotel-vucko\\\/#breadcrumb\",\"itemListElement\":[{\"@type\":\"ListItem\",\"position\":1,\"name\":\"Home\",\"item\":\"https:\\\/\\\/www.proffis.rs\\\/\"},{\"@type\":\"ListItem\",\"position\":2,\"name\":\"APARTHOTEL VU\u010cKO\"}]},{\"@type\":\"WebSite\",\"@id\":\"https:\\\/\\\/www.proffis.rs\\\/#website\",\"url\":\"https:\\\/\\\/www.proffis.rs\\\/\",\"name\":\"Proffis\",\"description\":\"Proffis Turisti\u010dka agencija Subotica\",\"publisher\":{\"@id\":\"https:\\\/\\\/www.proffis.rs\\\/#organization\"},\"alternateName\":\"Turisti\u010dka agencija Proffis SUBOTICA\",\"potentialAction\":[{\"@type\":\"SearchAction\",\"target\":{\"@type\":\"EntryPoint\",\"urlTemplate\":\"https:\\\/\\\/www.proffis.rs\\\/?s={search_term_string}\"},\"query-input\":{\"@type\":\"PropertyValueSpecification\",\"valueRequired\":true,\"valueName\":\"search_term_string\"}}],\"inLanguage\":\"hu\"},{\"@type\":\"Organization\",\"@id\":\"https:\\\/\\\/www.proffis.rs\\\/#organization\",\"name\":\"Proffis\",\"url\":\"https:\\\/\\\/www.proffis.rs\\\/\",\"logo\":{\"@type\":\"ImageObject\",\"inLanguage\":\"hu\",\"@id\":\"https:\\\/\\\/www.proffis.rs\\\/#\\\/schema\\\/logo\\\/image\\\/\",\"url\":\"https:\\\/\\\/media.proffis.rs\\\/2023\\\/12\\\/proffis2-removebg.png\",\"contentUrl\":\"https:\\\/\\\/media.proffis.rs\\\/2023\\\/12\\\/proffis2-removebg.png\",\"width\":806,\"height\":310,\"caption\":\"Proffis\"},\"image\":{\"@id\":\"https:\\\/\\\/www.proffis.rs\\\/#\\\/schema\\\/logo\\\/image\\\/\"},\"sameAs\":[\"https:\\\/\\\/www.facebook.com\\\/PROFFISSUBOTICA\"]},{\"@type\":\"Person\",\"@id\":\"https:\\\/\\\/www.proffis.rs\\\/#\\\/schema\\\/person\\\/fe57c4522d3b4818d642b3ed8102078e\",\"name\":\"Proffis\",\"image\":{\"@type\":\"ImageObject\",\"inLanguage\":\"hu\",\"@id\":\"https:\\\/\\\/secure.gravatar.com\\\/avatar\\\/d419edbf9f77b6fee9a6205d5570c707c9bcaec37e05e97ccec9d81b646420cf?s=96&d=mm&r=g\",\"url\":\"https:\\\/\\\/secure.gravatar.com\\\/avatar\\\/d419edbf9f77b6fee9a6205d5570c707c9bcaec37e05e97ccec9d81b646420cf?s=96&d=mm&r=g\",\"contentUrl\":\"https:\\\/\\\/secure.gravatar.com\\\/avatar\\\/d419edbf9f77b6fee9a6205d5570c707c9bcaec37e05e97ccec9d81b646420cf?s=96&d=mm&r=g\",\"caption\":\"Proffis\"},\"url\":\"https:\\\/\\\/www.proffis.rs\\\/hu\\\/author\\\/ceda\\\/\"}]}<\/script>\n<!-- \/ Yoast SEO plugin. -->","yoast_head_json":{"title":"APARTHOTEL VU\u010cKO | 30 GODINA VA\u0160EG POVERENJA","description":"Novoizgra\u0111eni Aparthotel \u201cVU\u010cKO\u201d nastavio je tradiciju ekskluzivnog hotela izgra\u0111enog za potrebe Olimpijskih igara u Sarajevu \u201cZOI \u201884.\u201d.","robots":{"index":"index","follow":"follow","max-snippet":"max-snippet:-1","max-image-preview":"max-image-preview:large","max-video-preview":"max-video-preview:-1"},"canonical":"https:\/\/www.proffis.rs\/hu\/aparthotel-vucko\/","og_locale":"hu_HU","og_type":"article","og_title":"APARTHOTEL VU\u010cKO | 30 GODINA VA\u0160EG POVERENJA","og_description":"Novoizgra\u0111eni Aparthotel \u201cVU\u010cKO\u201d nastavio je tradiciju ekskluzivnog hotela izgra\u0111enog za potrebe Olimpijskih igara u Sarajevu \u201cZOI \u201884.\u201d.","og_url":"https:\/\/www.proffis.rs\/hu\/aparthotel-vucko\/","og_site_name":"30 GODINA VA\u0160EG POVERENJA","article_publisher":"https:\/\/www.facebook.com\/PROFFISSUBOTICA","article_published_time":"2022-10-27T13:26:31+00:00","article_modified_time":"2025-11-25T12:33:45+00:00","og_image":[{"width":1000,"height":667,"url":"https:\/\/media.proffis.rs\/2022\/10\/aparthotel-vucko-1683-837a.jpg","type":"image\/jpeg"}],"author":"Proffis","twitter_card":"summary_large_image","twitter_misc":{"Szerz\u0151:":"Proffis","Becs\u00fclt olvas\u00e1si id\u0151":"5 perc"},"schema":{"@context":"https:\/\/schema.org","@graph":[{"@type":"Article","@id":"https:\/\/www.proffis.rs\/aparthotel-vucko\/#article","isPartOf":{"@id":"https:\/\/www.proffis.rs\/aparthotel-vucko\/"},"author":{"name":"Proffis","@id":"https:\/\/www.proffis.rs\/#\/schema\/person\/fe57c4522d3b4818d642b3ed8102078e"},"headline":"APARTHOTEL VU\u010cKO","datePublished":"2022-10-27T13:26:31+00:00","dateModified":"2025-11-25T12:33:45+00:00","mainEntityOfPage":{"@id":"https:\/\/www.proffis.rs\/aparthotel-vucko\/"},"wordCount":1502,"publisher":{"@id":"https:\/\/www.proffis.rs\/#organization"},"image":{"@id":"https:\/\/www.proffis.rs\/aparthotel-vucko\/#primaryimage"},"thumbnailUrl":"https:\/\/media.proffis.rs\/2022\/10\/aparthotel-vucko-1683-837a.jpg","articleSection":["Jahorina"],"inLanguage":"hu"},{"@type":"WebPage","@id":"https:\/\/www.proffis.rs\/aparthotel-vucko\/","url":"https:\/\/www.proffis.rs\/aparthotel-vucko\/","name":"APARTHOTEL VU\u010cKO | 30 GODINA VA\u0160EG POVERENJA","isPartOf":{"@id":"https:\/\/www.proffis.rs\/#website"},"primaryImageOfPage":{"@id":"https:\/\/www.proffis.rs\/aparthotel-vucko\/#primaryimage"},"image":{"@id":"https:\/\/www.proffis.rs\/aparthotel-vucko\/#primaryimage"},"thumbnailUrl":"https:\/\/media.proffis.rs\/2022\/10\/aparthotel-vucko-1683-837a.jpg","datePublished":"2022-10-27T13:26:31+00:00","dateModified":"2025-11-25T12:33:45+00:00","description":"Novoizgra\u0111eni Aparthotel \u201cVU\u010cKO\u201d nastavio je tradiciju ekskluzivnog hotela izgra\u0111enog za potrebe Olimpijskih igara u Sarajevu \u201cZOI \u201884.\u201d.","breadcrumb":{"@id":"https:\/\/www.proffis.rs\/aparthotel-vucko\/#breadcrumb"},"inLanguage":"hu","potentialAction":[{"@type":"ReadAction","target":["https:\/\/www.proffis.rs\/aparthotel-vucko\/"]}]},{"@type":"ImageObject","inLanguage":"hu","@id":"https:\/\/www.proffis.rs\/aparthotel-vucko\/#primaryimage","url":"https:\/\/media.proffis.rs\/2022\/10\/aparthotel-vucko-1683-837a.jpg","contentUrl":"https:\/\/media.proffis.rs\/2022\/10\/aparthotel-vucko-1683-837a.jpg","width":1000,"height":667},{"@type":"BreadcrumbList","@id":"https:\/\/www.proffis.rs\/aparthotel-vucko\/#breadcrumb","itemListElement":[{"@type":"ListItem","position":1,"name":"Home","item":"https:\/\/www.proffis.rs\/"},{"@type":"ListItem","position":2,"name":"APARTHOTEL VU\u010cKO"}]},{"@type":"WebSite","@id":"https:\/\/www.proffis.rs\/#website","url":"https:\/\/www.proffis.rs\/","name":"Proffis","description":"Proffis Turisti\u010dka agencija Subotica","publisher":{"@id":"https:\/\/www.proffis.rs\/#organization"},"alternateName":"Turisti\u010dka agencija Proffis SUBOTICA","potentialAction":[{"@type":"SearchAction","target":{"@type":"EntryPoint","urlTemplate":"https:\/\/www.proffis.rs\/?s={search_term_string}"},"query-input":{"@type":"PropertyValueSpecification","valueRequired":true,"valueName":"search_term_string"}}],"inLanguage":"hu"},{"@type":"Organization","@id":"https:\/\/www.proffis.rs\/#organization","name":"Proffis","url":"https:\/\/www.proffis.rs\/","logo":{"@type":"ImageObject","inLanguage":"hu","@id":"https:\/\/www.proffis.rs\/#\/schema\/logo\/image\/","url":"https:\/\/media.proffis.rs\/2023\/12\/proffis2-removebg.png","contentUrl":"https:\/\/media.proffis.rs\/2023\/12\/proffis2-removebg.png","width":806,"height":310,"caption":"Proffis"},"image":{"@id":"https:\/\/www.proffis.rs\/#\/schema\/logo\/image\/"},"sameAs":["https:\/\/www.facebook.com\/PROFFISSUBOTICA"]},{"@type":"Person","@id":"https:\/\/www.proffis.rs\/#\/schema\/person\/fe57c4522d3b4818d642b3ed8102078e","name":"Proffis","image":{"@type":"ImageObject","inLanguage":"hu","@id":"https:\/\/secure.gravatar.com\/avatar\/d419edbf9f77b6fee9a6205d5570c707c9bcaec37e05e97ccec9d81b646420cf?s=96&d=mm&r=g","url":"https:\/\/secure.gravatar.com\/avatar\/d419edbf9f77b6fee9a6205d5570c707c9bcaec37e05e97ccec9d81b646420cf?s=96&d=mm&r=g","contentUrl":"https:\/\/secure.gravatar.com\/avatar\/d419edbf9f77b6fee9a6205d5570c707c9bcaec37e05e97ccec9d81b646420cf?s=96&d=mm&r=g","caption":"Proffis"},"url":"https:\/\/www.proffis.rs\/hu\/author\/ceda\/"}]}},"_links":{"self":[{"href":"https:\/\/www.proffis.rs\/hu\/wp-json\/wp\/v2\/posts\/15128","targetHints":{"allow":["GET"]}}],"collection":[{"href":"https:\/\/www.proffis.rs\/hu\/wp-json\/wp\/v2\/posts"}],"about":[{"href":"https:\/\/www.proffis.rs\/hu\/wp-json\/wp\/v2\/types\/post"}],"author":[{"embeddable":true,"href":"https:\/\/www.proffis.rs\/hu\/wp-json\/wp\/v2\/users\/2"}],"replies":[{"embeddable":true,"href":"https:\/\/www.proffis.rs\/hu\/wp-json\/wp\/v2\/comments?post=15128"}],"version-history":[{"count":10,"href":"https:\/\/www.proffis.rs\/hu\/wp-json\/wp\/v2\/posts\/15128\/revisions"}],"predecessor-version":[{"id":346822,"href":"https:\/\/www.proffis.rs\/hu\/wp-json\/wp\/v2\/posts\/15128\/revisions\/346822"}],"wp:featuredmedia":[{"embeddable":true,"href":"https:\/\/www.proffis.rs\/hu\/wp-json\/wp\/v2\/media\/15132"}],"wp:attachment":[{"href":"https:\/\/www.proffis.rs\/hu\/wp-json\/wp\/v2\/media?parent=15128"}],"wp:term":[{"taxonomy":"category","embeddable":true,"href":"https:\/\/www.proffis.rs\/hu\/wp-json\/wp\/v2\/categories?post=15128"},{"taxonomy":"post_tag","embeddable":true,"href":"https:\/\/www.proffis.rs\/hu\/wp-json\/wp\/v2\/tags?post=15128"}],"curies":[{"name":"wp","href":"https:\/\/api.w.org\/{rel}","templated":true}]}}