{"id":14687,"date":"2022-10-07T14:24:17","date_gmt":"2022-10-07T14:24:17","guid":{"rendered":"http:\/\/www.proffis.rs\/?p=14687"},"modified":"2024-11-25T13:41:32","modified_gmt":"2024-11-25T13:41:32","slug":"slovenija","status":"publish","type":"post","link":"https:\/\/www.proffis.rs\/hu\/slovenija\/","title":{"rendered":"SLOVENIJA"},"content":{"rendered":"<p>[et_pb_section fb_built=&#8220;1&#8243; _builder_version=&#8220;4.16&#8243; global_colors_info=&#8220;{}&#8220;][et_pb_row _builder_version=&#8220;4.16&#8243; global_colors_info=&#8220;{}&#8220;][et_pb_column type=&#8220;4_4&#8243; _builder_version=&#8220;4.16&#8243; global_colors_info=&#8220;{}&#8220;][et_pb_text _builder_version=&#8220;4.23.1&#8243; link_option_url=&#8220;https:\/\/www.slovenia.info\/en&#8220; link_option_url_new_window=&#8220;on&#8220; hover_enabled=&#8220;0&#8243; global_colors_info=&#8220;{}&#8220; sticky_enabled=&#8220;0&#8243;]<\/p>\n<h4>\u00a0<\/h4>\n<h4>\u00a0<\/h4>\n<h4 style=\"text-align: center;\"><span style=\"color: #24247c;\"><strong>SLOVENIJA<\/strong><\/span><\/h4>\n<p style=\"text-align: justify;\"><strong>Slovenija<\/strong> je centralno evropska dr\u017eava koja se na zapadu grani\u010di sa Italijom, na severu sa Austrijom, na severoistoku sa Ma\u0111arskom, jugoisto\u010dno sa Hrvatskom I jugozapadno sa Jadranskim morem. Slovenija je prete\u017eno planinska zemlja pokrivena \u0161umama. Broj stanovnika iznosi 2,1 milion. Zastupljen je slovenski jezik I zvani\u010dna valuta koja se koristi je euro. Glavni grad je Ljubljana koji predstavlja jedan od najmanjih Evropskih glavnih gradova. 50,000 studenata joj daju mladala\u010dki izgled. Ljubljana predstavlja jedinstveni miks razli\u010ditih kultura I tradicija. Ujedno predstavlja interesantnu kulinarsku destinaciju na kojoj se mogu probati mnoga specifi\u010dna vina. To je grad sa zelenom du\u0161om. Idealan je grad za odr\u017eavanje raznovrsnih konferencija I kongresa. Pored svega navedenog u ovom gradu se odr\u017eavaju mnoge nezaboravne manifestacije poput Ljubljanske degustacije vina. Festival je koji se odr\u017eava na otvorenom. Isprva je to bio novembar, nakon berbe gro\u017edja, ali je manifestacija postala toliko popularna, pa se zato sada odr\u017eava i u junu. Dva puta godi\u0161nje je mogu\u0107e na ljubljanskim ulicama u\u017eivati u najboljim aromama vina. Festival u junu se zbog du\u017eeg trajanja dana i toplijeg vremena odr\u017eava do kasnih ve\u010dernjih sati. Veliki broj proizvodja\u010da vina iz Slovenije postavlja tezge po gradu, gdje nude svoja dobra vina sipaju\u0107i u \u010da\u0161e, po cijeni od 1,00 \u20ac. Slovenija je podjednako primamljiva destinacija u bilo koje doba godine. Portoro\u017e i \u041aopar su odli\u010dne destinacije za odmor na slovena\u010dkoj obali. U\u017eiva\u0107ete \u010dak i ako odlu\u010dite da za put u Sloveniju odaberete Bohindsko jezero ili Bled, ili se uputite u Ptuj &#8211; najstariji slovena\u010dki grad sa svojim dobro o\u010duvanim srednjovekovnim jezgrom i idili\u010dnim jezerom. Slovena\u010dka kuhinja, kultura, pa \u010dak i arhitektura su pod velikim uticajem njenih suseda Italije, Austrije i Ma\u0111arske. Neverovatna me\u0161avina klimatskih uslova rezultira toplim mediteranskim vetrovima koji duvaju u podno\u017eje Alpa, a sneg nije nepoznanica ni leti. Slovenija se mo\u017ee pohvaliti da je vi\u0161e od polovine njene povr\u0161ine prekriveno \u0161umom, zbog \u010dega je Slovenija poznata kao jedna od najzelenijih zemalja na svetu. Svako godi\u0161nje doba ima svoju privla\u010dnost u Sloveniji. (https:\/\/www.slovenia.info\/en).<\/p>\n<p>[\/et_pb_text][et_pb_button button_url=&#8220;https:\/\/www.proffis.rs\/kontakt\/&#8220; url_new_window=&#8220;on&#8220; button_text=&#8220;KONTAKTIRAJTE NAS&#8220; _builder_version=&#8220;4.16&#8243; _module_preset=&#8220;default&#8220; global_colors_info=&#8220;{}&#8220;][\/et_pb_button][et_pb_blog fullwidth=&#8220;off&#8220; posts_number=&#8220;24&#8243; include_categories=&#8220;48&#8243; excerpt_length=&#8220;130&#8243; show_more=&#8220;on&#8220; show_author=&#8220;off&#8220; show_date=&#8220;off&#8220; show_pagination=&#8220;off&#8220; use_overlay=&#8220;on&#8220; hover_overlay_color=&#8220;rgba(0,0,0,0.29)&#8220; _builder_version=&#8220;4.16&#8243; animation_style=&#8220;slide&#8220; link_option_url=&#8220;http:\/\/www.proffis.rs\/slovenija-4-dana\/?preview_id=14712&#038;preview_nonce=4188abeadc&#038;post_format=standard&#038;_thumbnail_id=14693&#038;preview=true&#8220; custom_css_main_element=&#8220;||&#8220; custom_css_content=&#8220;height: 190px;||&#8220; custom_css_read_more=&#8220;color: #e09900;||display: block;||text-align:center;||margin-top: 10px;||border: 1px solid #007CC3;||padding: 5px;&#8220; border_width_all_image=&#8220;1px&#8220; border_color_all_image=&#8220;#0c71c3&#8243; box_shadow_style=&#8220;preset3&#8243; box_shadow_horizontal=&#8220;3px&#8220; box_shadow_vertical=&#8220;10px&#8220; box_shadow_spread=&#8220;0px&#8220; box_shadow_color=&#8220;rgba(0,0,0,0.7)&#8220; global_colors_info=&#8220;{}&#8220; box_shadow_horizontal__hover=&#8220;7px&#8220; box_shadow_horizontal__hover_enabled=&#8220;on|hover&#8220;][\/et_pb_blog][\/et_pb_column][\/et_pb_row][\/et_pb_section]<\/p>\n","protected":false},"excerpt":{"rendered":"<p>\u00a0 \u00a0 SLOVENIJA Slovenija je centralno evropska dr\u017eava koja se na zapadu grani\u010di sa Italijom, na severu sa Austrijom, na severoistoku sa Ma\u0111arskom, jugoisto\u010dno sa Hrvatskom I jugozapadno sa Jadranskim morem. Slovenija je prete\u017eno planinska zemlja pokrivena \u0161umama. Broj stanovnika iznosi 2,1 milion. Zastupljen je slovenski jezik I zvani\u010dna valuta koja se koristi je euro. [&hellip;]<\/p>\n","protected":false},"author":2,"featured_media":0,"comment_status":"closed","ping_status":"closed","sticky":false,"template":"","format":"standard","meta":{"_et_pb_use_builder":"on","_et_pb_old_content":"","_et_gb_content_width":"","footnotes":""},"categories":[1],"tags":[],"class_list":["post-14687","post","type-post","status-publish","format-standard","hentry","category-uncategorized"],"yoast_head":"<!-- This site is optimized with the Yoast SEO plugin v27.3 - https:\/\/yoast.com\/product\/yoast-seo-wordpress\/ -->\n<title>SLOVENIJA | 30 GODINA VA\u0160EG POVERENJA<\/title>\n<meta name=\"description\" content=\"Slovenija je mala zelena dr\u017eava Evrope u kojoj postoji sve \u0161to \u010dovek mo\u017ee da po\u017eeli. Krasni vrhovi Alpa, obalu Jadrana, beskrajne livade, krasna jezera...\" \/>\n<meta name=\"robots\" content=\"index, follow, max-snippet:-1, max-image-preview:large, max-video-preview:-1\" \/>\n<link rel=\"canonical\" href=\"https:\/\/www.proffis.rs\/hu\/slovenija\/\" \/>\n<meta property=\"og:locale\" content=\"hu_HU\" \/>\n<meta property=\"og:type\" content=\"article\" \/>\n<meta property=\"og:title\" content=\"SLOVENIJA | 30 GODINA VA\u0160EG POVERENJA\" \/>\n<meta property=\"og:description\" content=\"Slovenija je mala zelena dr\u017eava Evrope u kojoj postoji sve \u0161to \u010dovek mo\u017ee da po\u017eeli. Krasni vrhovi Alpa, obalu Jadrana, beskrajne livade, krasna jezera...\" \/>\n<meta property=\"og:url\" content=\"https:\/\/www.proffis.rs\/hu\/slovenija\/\" \/>\n<meta property=\"og:site_name\" content=\"30 GODINA VA\u0160EG POVERENJA\" \/>\n<meta property=\"article:publisher\" content=\"https:\/\/www.facebook.com\/PROFFISSUBOTICA\" \/>\n<meta property=\"article:published_time\" content=\"2022-10-07T14:24:17+00:00\" \/>\n<meta property=\"article:modified_time\" content=\"2024-11-25T13:41:32+00:00\" \/>\n<meta name=\"author\" content=\"Proffis\" \/>\n<meta name=\"twitter:card\" content=\"summary_large_image\" \/>\n<meta name=\"twitter:label1\" content=\"Szerz\u0151:\" \/>\n\t<meta name=\"twitter:data1\" content=\"Proffis\" \/>\n\t<meta name=\"twitter:label2\" content=\"Becs\u00fclt olvas\u00e1si id\u0151\" \/>\n\t<meta name=\"twitter:data2\" content=\"2 perc\" \/>\n<script type=\"application\/ld+json\" class=\"yoast-schema-graph\">{\"@context\":\"https:\\\/\\\/schema.org\",\"@graph\":[{\"@type\":\"Article\",\"@id\":\"https:\\\/\\\/www.proffis.rs\\\/slovenija\\\/#article\",\"isPartOf\":{\"@id\":\"https:\\\/\\\/www.proffis.rs\\\/slovenija\\\/\"},\"author\":{\"name\":\"Proffis\",\"@id\":\"https:\\\/\\\/www.proffis.rs\\\/#\\\/schema\\\/person\\\/fe57c4522d3b4818d642b3ed8102078e\"},\"headline\":\"SLOVENIJA\",\"datePublished\":\"2022-10-07T14:24:17+00:00\",\"dateModified\":\"2024-11-25T13:41:32+00:00\",\"mainEntityOfPage\":{\"@id\":\"https:\\\/\\\/www.proffis.rs\\\/slovenija\\\/\"},\"wordCount\":596,\"publisher\":{\"@id\":\"https:\\\/\\\/www.proffis.rs\\\/#organization\"},\"articleSection\":[\"Uncategorized\"],\"inLanguage\":\"hu\"},{\"@type\":\"WebPage\",\"@id\":\"https:\\\/\\\/www.proffis.rs\\\/slovenija\\\/\",\"url\":\"https:\\\/\\\/www.proffis.rs\\\/slovenija\\\/\",\"name\":\"SLOVENIJA | 30 GODINA VA\u0160EG POVERENJA\",\"isPartOf\":{\"@id\":\"https:\\\/\\\/www.proffis.rs\\\/#website\"},\"datePublished\":\"2022-10-07T14:24:17+00:00\",\"dateModified\":\"2024-11-25T13:41:32+00:00\",\"description\":\"Slovenija je mala zelena dr\u017eava Evrope u kojoj postoji sve \u0161to \u010dovek mo\u017ee da po\u017eeli. Krasni vrhovi Alpa, obalu Jadrana, beskrajne livade, krasna jezera...\",\"breadcrumb\":{\"@id\":\"https:\\\/\\\/www.proffis.rs\\\/slovenija\\\/#breadcrumb\"},\"inLanguage\":\"hu\",\"potentialAction\":[{\"@type\":\"ReadAction\",\"target\":[\"https:\\\/\\\/www.proffis.rs\\\/slovenija\\\/\"]}]},{\"@type\":\"BreadcrumbList\",\"@id\":\"https:\\\/\\\/www.proffis.rs\\\/slovenija\\\/#breadcrumb\",\"itemListElement\":[{\"@type\":\"ListItem\",\"position\":1,\"name\":\"Home\",\"item\":\"https:\\\/\\\/www.proffis.rs\\\/\"},{\"@type\":\"ListItem\",\"position\":2,\"name\":\"SLOVENIJA\"}]},{\"@type\":\"WebSite\",\"@id\":\"https:\\\/\\\/www.proffis.rs\\\/#website\",\"url\":\"https:\\\/\\\/www.proffis.rs\\\/\",\"name\":\"Proffis\",\"description\":\"Proffis Turisti\u010dka agencija Subotica\",\"publisher\":{\"@id\":\"https:\\\/\\\/www.proffis.rs\\\/#organization\"},\"alternateName\":\"Turisti\u010dka agencija Proffis SUBOTICA\",\"potentialAction\":[{\"@type\":\"SearchAction\",\"target\":{\"@type\":\"EntryPoint\",\"urlTemplate\":\"https:\\\/\\\/www.proffis.rs\\\/?s={search_term_string}\"},\"query-input\":{\"@type\":\"PropertyValueSpecification\",\"valueRequired\":true,\"valueName\":\"search_term_string\"}}],\"inLanguage\":\"hu\"},{\"@type\":\"Organization\",\"@id\":\"https:\\\/\\\/www.proffis.rs\\\/#organization\",\"name\":\"Proffis\",\"url\":\"https:\\\/\\\/www.proffis.rs\\\/\",\"logo\":{\"@type\":\"ImageObject\",\"inLanguage\":\"hu\",\"@id\":\"https:\\\/\\\/www.proffis.rs\\\/#\\\/schema\\\/logo\\\/image\\\/\",\"url\":\"https:\\\/\\\/media.proffis.rs\\\/2023\\\/12\\\/proffis2-removebg.png\",\"contentUrl\":\"https:\\\/\\\/media.proffis.rs\\\/2023\\\/12\\\/proffis2-removebg.png\",\"width\":806,\"height\":310,\"caption\":\"Proffis\"},\"image\":{\"@id\":\"https:\\\/\\\/www.proffis.rs\\\/#\\\/schema\\\/logo\\\/image\\\/\"},\"sameAs\":[\"https:\\\/\\\/www.facebook.com\\\/PROFFISSUBOTICA\"]},{\"@type\":\"Person\",\"@id\":\"https:\\\/\\\/www.proffis.rs\\\/#\\\/schema\\\/person\\\/fe57c4522d3b4818d642b3ed8102078e\",\"name\":\"Proffis\",\"image\":{\"@type\":\"ImageObject\",\"inLanguage\":\"hu\",\"@id\":\"https:\\\/\\\/secure.gravatar.com\\\/avatar\\\/d419edbf9f77b6fee9a6205d5570c707c9bcaec37e05e97ccec9d81b646420cf?s=96&d=mm&r=g\",\"url\":\"https:\\\/\\\/secure.gravatar.com\\\/avatar\\\/d419edbf9f77b6fee9a6205d5570c707c9bcaec37e05e97ccec9d81b646420cf?s=96&d=mm&r=g\",\"contentUrl\":\"https:\\\/\\\/secure.gravatar.com\\\/avatar\\\/d419edbf9f77b6fee9a6205d5570c707c9bcaec37e05e97ccec9d81b646420cf?s=96&d=mm&r=g\",\"caption\":\"Proffis\"},\"url\":\"https:\\\/\\\/www.proffis.rs\\\/hu\\\/author\\\/ceda\\\/\"}]}<\/script>\n<!-- \/ Yoast SEO plugin. -->","yoast_head_json":{"title":"SLOVENIJA | 30 GODINA VA\u0160EG POVERENJA","description":"Slovenija je mala zelena dr\u017eava Evrope u kojoj postoji sve \u0161to \u010dovek mo\u017ee da po\u017eeli. Krasni vrhovi Alpa, obalu Jadrana, beskrajne livade, krasna jezera...","robots":{"index":"index","follow":"follow","max-snippet":"max-snippet:-1","max-image-preview":"max-image-preview:large","max-video-preview":"max-video-preview:-1"},"canonical":"https:\/\/www.proffis.rs\/hu\/slovenija\/","og_locale":"hu_HU","og_type":"article","og_title":"SLOVENIJA | 30 GODINA VA\u0160EG POVERENJA","og_description":"Slovenija je mala zelena dr\u017eava Evrope u kojoj postoji sve \u0161to \u010dovek mo\u017ee da po\u017eeli. Krasni vrhovi Alpa, obalu Jadrana, beskrajne livade, krasna jezera...","og_url":"https:\/\/www.proffis.rs\/hu\/slovenija\/","og_site_name":"30 GODINA VA\u0160EG POVERENJA","article_publisher":"https:\/\/www.facebook.com\/PROFFISSUBOTICA","article_published_time":"2022-10-07T14:24:17+00:00","article_modified_time":"2024-11-25T13:41:32+00:00","author":"Proffis","twitter_card":"summary_large_image","twitter_misc":{"Szerz\u0151:":"Proffis","Becs\u00fclt olvas\u00e1si id\u0151":"2 perc"},"schema":{"@context":"https:\/\/schema.org","@graph":[{"@type":"Article","@id":"https:\/\/www.proffis.rs\/slovenija\/#article","isPartOf":{"@id":"https:\/\/www.proffis.rs\/slovenija\/"},"author":{"name":"Proffis","@id":"https:\/\/www.proffis.rs\/#\/schema\/person\/fe57c4522d3b4818d642b3ed8102078e"},"headline":"SLOVENIJA","datePublished":"2022-10-07T14:24:17+00:00","dateModified":"2024-11-25T13:41:32+00:00","mainEntityOfPage":{"@id":"https:\/\/www.proffis.rs\/slovenija\/"},"wordCount":596,"publisher":{"@id":"https:\/\/www.proffis.rs\/#organization"},"articleSection":["Uncategorized"],"inLanguage":"hu"},{"@type":"WebPage","@id":"https:\/\/www.proffis.rs\/slovenija\/","url":"https:\/\/www.proffis.rs\/slovenija\/","name":"SLOVENIJA | 30 GODINA VA\u0160EG POVERENJA","isPartOf":{"@id":"https:\/\/www.proffis.rs\/#website"},"datePublished":"2022-10-07T14:24:17+00:00","dateModified":"2024-11-25T13:41:32+00:00","description":"Slovenija je mala zelena dr\u017eava Evrope u kojoj postoji sve \u0161to \u010dovek mo\u017ee da po\u017eeli. Krasni vrhovi Alpa, obalu Jadrana, beskrajne livade, krasna jezera...","breadcrumb":{"@id":"https:\/\/www.proffis.rs\/slovenija\/#breadcrumb"},"inLanguage":"hu","potentialAction":[{"@type":"ReadAction","target":["https:\/\/www.proffis.rs\/slovenija\/"]}]},{"@type":"BreadcrumbList","@id":"https:\/\/www.proffis.rs\/slovenija\/#breadcrumb","itemListElement":[{"@type":"ListItem","position":1,"name":"Home","item":"https:\/\/www.proffis.rs\/"},{"@type":"ListItem","position":2,"name":"SLOVENIJA"}]},{"@type":"WebSite","@id":"https:\/\/www.proffis.rs\/#website","url":"https:\/\/www.proffis.rs\/","name":"Proffis","description":"Proffis Turisti\u010dka agencija Subotica","publisher":{"@id":"https:\/\/www.proffis.rs\/#organization"},"alternateName":"Turisti\u010dka agencija Proffis SUBOTICA","potentialAction":[{"@type":"SearchAction","target":{"@type":"EntryPoint","urlTemplate":"https:\/\/www.proffis.rs\/?s={search_term_string}"},"query-input":{"@type":"PropertyValueSpecification","valueRequired":true,"valueName":"search_term_string"}}],"inLanguage":"hu"},{"@type":"Organization","@id":"https:\/\/www.proffis.rs\/#organization","name":"Proffis","url":"https:\/\/www.proffis.rs\/","logo":{"@type":"ImageObject","inLanguage":"hu","@id":"https:\/\/www.proffis.rs\/#\/schema\/logo\/image\/","url":"https:\/\/media.proffis.rs\/2023\/12\/proffis2-removebg.png","contentUrl":"https:\/\/media.proffis.rs\/2023\/12\/proffis2-removebg.png","width":806,"height":310,"caption":"Proffis"},"image":{"@id":"https:\/\/www.proffis.rs\/#\/schema\/logo\/image\/"},"sameAs":["https:\/\/www.facebook.com\/PROFFISSUBOTICA"]},{"@type":"Person","@id":"https:\/\/www.proffis.rs\/#\/schema\/person\/fe57c4522d3b4818d642b3ed8102078e","name":"Proffis","image":{"@type":"ImageObject","inLanguage":"hu","@id":"https:\/\/secure.gravatar.com\/avatar\/d419edbf9f77b6fee9a6205d5570c707c9bcaec37e05e97ccec9d81b646420cf?s=96&d=mm&r=g","url":"https:\/\/secure.gravatar.com\/avatar\/d419edbf9f77b6fee9a6205d5570c707c9bcaec37e05e97ccec9d81b646420cf?s=96&d=mm&r=g","contentUrl":"https:\/\/secure.gravatar.com\/avatar\/d419edbf9f77b6fee9a6205d5570c707c9bcaec37e05e97ccec9d81b646420cf?s=96&d=mm&r=g","caption":"Proffis"},"url":"https:\/\/www.proffis.rs\/hu\/author\/ceda\/"}]}},"_links":{"self":[{"href":"https:\/\/www.proffis.rs\/hu\/wp-json\/wp\/v2\/posts\/14687","targetHints":{"allow":["GET"]}}],"collection":[{"href":"https:\/\/www.proffis.rs\/hu\/wp-json\/wp\/v2\/posts"}],"about":[{"href":"https:\/\/www.proffis.rs\/hu\/wp-json\/wp\/v2\/types\/post"}],"author":[{"embeddable":true,"href":"https:\/\/www.proffis.rs\/hu\/wp-json\/wp\/v2\/users\/2"}],"replies":[{"embeddable":true,"href":"https:\/\/www.proffis.rs\/hu\/wp-json\/wp\/v2\/comments?post=14687"}],"version-history":[{"count":15,"href":"https:\/\/www.proffis.rs\/hu\/wp-json\/wp\/v2\/posts\/14687\/revisions"}],"predecessor-version":[{"id":343205,"href":"https:\/\/www.proffis.rs\/hu\/wp-json\/wp\/v2\/posts\/14687\/revisions\/343205"}],"wp:attachment":[{"href":"https:\/\/www.proffis.rs\/hu\/wp-json\/wp\/v2\/media?parent=14687"}],"wp:term":[{"taxonomy":"category","embeddable":true,"href":"https:\/\/www.proffis.rs\/hu\/wp-json\/wp\/v2\/categories?post=14687"},{"taxonomy":"post_tag","embeddable":true,"href":"https:\/\/www.proffis.rs\/hu\/wp-json\/wp\/v2\/tags?post=14687"}],"curies":[{"name":"wp","href":"https:\/\/api.w.org\/{rel}","templated":true}]}}