{"id":48,"count":1,"description":"<strong>Slovenija<\/strong> je podjednako primamljiva destinacija u bilo koje doba godine. Portoro\u017e i \u041aopar su odli\u010dne destinacije za odmor na slovena\u010dkoj obali. U\u017eiva\u0107ete \u010dak i ako odlu\u010dite da za put u Sloveniju odaberete Bohindsko jezero ili Bled, ili se uputite u Ptuj - najstariji slovena\u010dki grad sa svojim dobro o\u010duvanim srednjovekovnim jezgrom i idili\u010dnim jezerom. Slovena\u010dka kuhinja, kultura, pa \u010dak i arhitektura su pod velikim uticajem njenih suseda Italije, Austrije i Ma\u0111arske. Neverovatna me\u0161avina klimatskih uslova rezultira toplim mediteranskim vetrovima koji duvaju u podno\u017eje Alpa, a sneg nije nepoznanica ni leti. Slovenija se mo\u017ee pohvaliti da je vi\u0161e od polovine njene povr\u0161ine prekriveno \u0161umom, zbog \u010dega je Slovenija poznata kao jedna od najzelenijih zemalja na svetu. Svako godi\u0161nje doba ima svoju privla\u010dnost u Sloveniji.","link":"https:\/\/www.proffis.rs\/hu\/category\/slovenija\/","name":"SLOVENIJA","slug":"slovenija","taxonomy":"category","parent":0,"meta":[],"yoast_head":"<!-- This site is optimized with the Yoast SEO plugin v27.3 - https:\/\/yoast.com\/product\/yoast-seo-wordpress\/ -->\n<title>SLOVENIJA 2022 | 30 GODINA VA\u0160EG POVERENJA<\/title>\n<meta name=\"description\" content=\"Slovenija ima povoljan geografski polo\u017eaj. Nalazi se na pravcima va\u017enih turisti\u010dkih tokova. Deo je Tr\u0161\u0107anskog zaliva Jadranskog mora.\" \/>\n<meta name=\"robots\" content=\"index, follow, max-snippet:-1, max-image-preview:large, max-video-preview:-1\" \/>\n<link rel=\"canonical\" href=\"https:\/\/www.proffis.rs\/hu\/category\/slovenija\/\" \/>\n<meta property=\"og:locale\" content=\"hu_HU\" \/>\n<meta property=\"og:type\" content=\"article\" \/>\n<meta property=\"og:title\" content=\"SLOVENIJA 2022 | 30 GODINA VA\u0160EG POVERENJA\" \/>\n<meta property=\"og:description\" content=\"Slovenija ima povoljan geografski polo\u017eaj. Nalazi se na pravcima va\u017enih turisti\u010dkih tokova. Deo je Tr\u0161\u0107anskog zaliva Jadranskog mora.\" \/>\n<meta property=\"og:url\" content=\"https:\/\/www.proffis.rs\/hu\/category\/slovenija\/\" \/>\n<meta property=\"og:site_name\" content=\"30 GODINA VA\u0160EG POVERENJA\" \/>\n<meta name=\"twitter:card\" content=\"summary_large_image\" \/>\n<script type=\"application\/ld+json\" class=\"yoast-schema-graph\">{\"@context\":\"https:\\\/\\\/schema.org\",\"@graph\":[{\"@type\":\"CollectionPage\",\"@id\":\"https:\\\/\\\/www.proffis.rs\\\/category\\\/slovenija\\\/\",\"url\":\"https:\\\/\\\/www.proffis.rs\\\/category\\\/slovenija\\\/\",\"name\":\"SLOVENIJA 2022 | 30 GODINA VA\u0160EG POVERENJA\",\"isPartOf\":{\"@id\":\"https:\\\/\\\/www.proffis.rs\\\/#website\"},\"description\":\"Slovenija ima povoljan geografski polo\u017eaj. Nalazi se na pravcima va\u017enih turisti\u010dkih tokova. Deo je Tr\u0161\u0107anskog zaliva Jadranskog mora.\",\"breadcrumb\":{\"@id\":\"https:\\\/\\\/www.proffis.rs\\\/category\\\/slovenija\\\/#breadcrumb\"},\"inLanguage\":\"hu\"},{\"@type\":\"BreadcrumbList\",\"@id\":\"https:\\\/\\\/www.proffis.rs\\\/category\\\/slovenija\\\/#breadcrumb\",\"itemListElement\":[{\"@type\":\"ListItem\",\"position\":1,\"name\":\"Home\",\"item\":\"https:\\\/\\\/www.proffis.rs\\\/\"},{\"@type\":\"ListItem\",\"position\":2,\"name\":\"SLOVENIJA\"}]},{\"@type\":\"WebSite\",\"@id\":\"https:\\\/\\\/www.proffis.rs\\\/#website\",\"url\":\"https:\\\/\\\/www.proffis.rs\\\/\",\"name\":\"Proffis\",\"description\":\"Proffis Turisti\u010dka agencija Subotica\",\"publisher\":{\"@id\":\"https:\\\/\\\/www.proffis.rs\\\/#organization\"},\"alternateName\":\"Turisti\u010dka agencija Proffis SUBOTICA\",\"potentialAction\":[{\"@type\":\"SearchAction\",\"target\":{\"@type\":\"EntryPoint\",\"urlTemplate\":\"https:\\\/\\\/www.proffis.rs\\\/?s={search_term_string}\"},\"query-input\":{\"@type\":\"PropertyValueSpecification\",\"valueRequired\":true,\"valueName\":\"search_term_string\"}}],\"inLanguage\":\"hu\"},{\"@type\":\"Organization\",\"@id\":\"https:\\\/\\\/www.proffis.rs\\\/#organization\",\"name\":\"Proffis\",\"url\":\"https:\\\/\\\/www.proffis.rs\\\/\",\"logo\":{\"@type\":\"ImageObject\",\"inLanguage\":\"hu\",\"@id\":\"https:\\\/\\\/www.proffis.rs\\\/#\\\/schema\\\/logo\\\/image\\\/\",\"url\":\"https:\\\/\\\/media.proffis.rs\\\/2023\\\/12\\\/proffis2-removebg.png\",\"contentUrl\":\"https:\\\/\\\/media.proffis.rs\\\/2023\\\/12\\\/proffis2-removebg.png\",\"width\":806,\"height\":310,\"caption\":\"Proffis\"},\"image\":{\"@id\":\"https:\\\/\\\/www.proffis.rs\\\/#\\\/schema\\\/logo\\\/image\\\/\"},\"sameAs\":[\"https:\\\/\\\/www.facebook.com\\\/PROFFISSUBOTICA\"]}]}<\/script>\n<!-- \/ Yoast SEO plugin. -->","yoast_head_json":{"title":"SLOVENIJA 2022 | 30 GODINA VA\u0160EG POVERENJA","description":"Slovenija ima povoljan geografski polo\u017eaj. Nalazi se na pravcima va\u017enih turisti\u010dkih tokova. Deo je Tr\u0161\u0107anskog zaliva Jadranskog mora.","robots":{"index":"index","follow":"follow","max-snippet":"max-snippet:-1","max-image-preview":"max-image-preview:large","max-video-preview":"max-video-preview:-1"},"canonical":"https:\/\/www.proffis.rs\/hu\/category\/slovenija\/","og_locale":"hu_HU","og_type":"article","og_title":"SLOVENIJA 2022 | 30 GODINA VA\u0160EG POVERENJA","og_description":"Slovenija ima povoljan geografski polo\u017eaj. Nalazi se na pravcima va\u017enih turisti\u010dkih tokova. Deo je Tr\u0161\u0107anskog zaliva Jadranskog mora.","og_url":"https:\/\/www.proffis.rs\/hu\/category\/slovenija\/","og_site_name":"30 GODINA VA\u0160EG POVERENJA","twitter_card":"summary_large_image","schema":{"@context":"https:\/\/schema.org","@graph":[{"@type":"CollectionPage","@id":"https:\/\/www.proffis.rs\/category\/slovenija\/","url":"https:\/\/www.proffis.rs\/category\/slovenija\/","name":"SLOVENIJA 2022 | 30 GODINA VA\u0160EG POVERENJA","isPartOf":{"@id":"https:\/\/www.proffis.rs\/#website"},"description":"Slovenija ima povoljan geografski polo\u017eaj. Nalazi se na pravcima va\u017enih turisti\u010dkih tokova. Deo je Tr\u0161\u0107anskog zaliva Jadranskog mora.","breadcrumb":{"@id":"https:\/\/www.proffis.rs\/category\/slovenija\/#breadcrumb"},"inLanguage":"hu"},{"@type":"BreadcrumbList","@id":"https:\/\/www.proffis.rs\/category\/slovenija\/#breadcrumb","itemListElement":[{"@type":"ListItem","position":1,"name":"Home","item":"https:\/\/www.proffis.rs\/"},{"@type":"ListItem","position":2,"name":"SLOVENIJA"}]},{"@type":"WebSite","@id":"https:\/\/www.proffis.rs\/#website","url":"https:\/\/www.proffis.rs\/","name":"Proffis","description":"Proffis Turisti\u010dka agencija Subotica","publisher":{"@id":"https:\/\/www.proffis.rs\/#organization"},"alternateName":"Turisti\u010dka agencija Proffis SUBOTICA","potentialAction":[{"@type":"SearchAction","target":{"@type":"EntryPoint","urlTemplate":"https:\/\/www.proffis.rs\/?s={search_term_string}"},"query-input":{"@type":"PropertyValueSpecification","valueRequired":true,"valueName":"search_term_string"}}],"inLanguage":"hu"},{"@type":"Organization","@id":"https:\/\/www.proffis.rs\/#organization","name":"Proffis","url":"https:\/\/www.proffis.rs\/","logo":{"@type":"ImageObject","inLanguage":"hu","@id":"https:\/\/www.proffis.rs\/#\/schema\/logo\/image\/","url":"https:\/\/media.proffis.rs\/2023\/12\/proffis2-removebg.png","contentUrl":"https:\/\/media.proffis.rs\/2023\/12\/proffis2-removebg.png","width":806,"height":310,"caption":"Proffis"},"image":{"@id":"https:\/\/www.proffis.rs\/#\/schema\/logo\/image\/"},"sameAs":["https:\/\/www.facebook.com\/PROFFISSUBOTICA"]}]}},"_links":{"self":[{"href":"https:\/\/www.proffis.rs\/hu\/wp-json\/wp\/v2\/categories\/48","targetHints":{"allow":["GET"]}}],"collection":[{"href":"https:\/\/www.proffis.rs\/hu\/wp-json\/wp\/v2\/categories"}],"about":[{"href":"https:\/\/www.proffis.rs\/hu\/wp-json\/wp\/v2\/taxonomies\/category"}],"wp:post_type":[{"href":"https:\/\/www.proffis.rs\/hu\/wp-json\/wp\/v2\/posts?categories=48"}],"curies":[{"name":"wp","href":"https:\/\/api.w.org\/{rel}","templated":true}]}}